{"id":176311,"date":"2019-05-18T17:07:56","date_gmt":"2019-05-18T20:07:56","guid":{"rendered":"https:\/\/www.redenoticia.com.br\/noticia\/?p=176311"},"modified":"2019-05-18T17:26:19","modified_gmt":"2019-05-18T20:26:19","slug":"resumo-novela-a-dona-20-05-valentina-quer-construir-uma-escola","status":"publish","type":"post","link":"https:\/\/migracao.redenoticia.com.br\/noticia\/2019\/resumo-novela-a-dona-20-05-valentina-quer-construir-uma-escola\/176311","title":{"rendered":"Resumo novela \u201cA Dona\u201d 20\/05: Valentina quer construir uma escola"},"content":{"rendered":"<p><img loading=\"lazy\" decoding=\"async\" class=\"aligncenter size-large wp-image-173633\" src=\"https:\/\/migracao.redenoticia.com.br\/noticia\/imagens\/a-dona-270x300.jpg\" alt=\"\" width=\"270\" height=\"300\" srcset=\"https:\/\/migracao.redenoticia.com.br\/noticia\/imagens\/a-dona-270x300.jpg 270w, https:\/\/migracao.redenoticia.com.br\/noticia\/imagens\/a-dona-168x187.jpg 168w, https:\/\/migracao.redenoticia.com.br\/noticia\/imagens\/a-dona.jpg 380w\" sizes=\"auto, (max-width: 270px) 100vw, 270px\" \/>Resumo da novela <strong><em>\u201cA Dona&#8221;<\/em><\/strong> em 20\/05: no cap\u00edtulo 036(*) da novela, segunda-feira, 20 de maio, Valentina diz a Jos\u00e9 Miguel que o beijo foi apenas para demonstrar que ele n\u00e3o significa nada para ela. Valentina retoma o assunto de seu interesse pela compra da fazenda Montesinos. Jos\u00e9 Miguel desconversa e diz que sabe que ela sente algo por ele. Sandra observa Hor\u00e1cio vindo em sua dire\u00e7\u00e3o e beija Felipe. Valentina visita a cabana de Jos\u00e9 Miguel e l\u00e1 encontra Jesus. O menino diz que seu patr\u00e3o a ama muito. Filadelfo conta a Rodrigo que Jos\u00e9 Miguel visitou Valentina e que Ivana os viu juntos. Pela cara de Ivana, ele cr\u00ea que enfim a v\u00edbora se acertou com Jos\u00e9.Furioso, Rodrigo responde que jamais permitir\u00e1 que Valentina se acerte com Jos\u00e9 Miguel, pois ela precisa de um homem como ele.<\/p>\n<p>Ivana pergunta a Jos\u00e9 o porqu\u00ea de ele a estar tratando com tanta frieza. Ele se desculpa e tenta se retirar, mas Ivana diz que est\u00e1 muito preocupada porque sabe que Valentina jamais pode esquecer Alonso. Ela diz que j\u00e1 viu a prima chorar diversas vezes segurando uma foto de seu ex-noivo. Jos\u00e9 Miguel fica pensativo. Valentina, muito contente, mostra a Ernesto o lugar onde pensa em construir uma escola para os filhos dos trabalhadores de sua fazenda e tamb\u00e9m das fazendas vizinhas. Ernesto diz que n\u00e3o sabe o motivo, mas tem sentido que Valentina recuperou a do\u00e7ura de tempos mais felizes. Jos\u00e9 Miguel, zangado, diz a Jesus que sabe que ele tem fugido da escola. Ele diz que n\u00e3o o levar\u00e1 a for\u00e7a, mas se ele voltar a fazer isso, deixar\u00e3o de ser amigos.<\/p>\n<p>Isabel diz a Ernesto que gosta muito dele, mas n\u00e3o o ama para que se torne sua esposa. Maria da Luz percebe que Rodrigo bateu em Cristina e, furiosa, pede que ela o denuncie a pol\u00edcia. Cristina responde que n\u00e3o pode fazer isso, pois espera um filho dele. Ivana diz a Rodrigo que ama Jos\u00e9 Miguel na mesma propor\u00e7\u00e3o que odeia Valentina. Ent\u00e3o, ela pede que ele tente deixar o seu caminho livre, conquistando Valentina. Rodrigo responde que a dona n\u00e3o \u00e9 mulher para ele, e ele sabe disso, mas que tampouco ela ser\u00e1 para Jos\u00e9 Miguel. Valentina questiona Ivana por seu suposto amor por Jos\u00e9 Miguel e de suas sa\u00eddas com Hor\u00e1cio. Ivana, astuta, diz que Hor\u00e1cio est\u00e1 obcecado por ela desde que a conheceu e que, como n\u00e3o sabe deixar claro que n\u00e3o tem interesse nenhum nele, est\u00e1 tentando faz\u00ea-lo ver que entre eles a amizade \u00e9 muito mais forte que qualquer outra coisa.<\/p>\n<p>(*) edi\u00e7\u00e3o do SBT, Novela \u201cA Dona\u201d, sujeito a altera\u00e7\u00e3o de data e conte\u00fado.<\/p>\n<p>Destaques<\/p>\n<p>&#8220;A Dona&#8221; &#8211; Valentina Vila\u00e7a (Lucero) \u00e9 uma mulher que tem uma grande fortuna, que seus pais deixaram para ela quando morreram em um acidente de carro. Ela tem uma mans\u00e3o na Cidade do M\u00e9xico, onde vive com sua tia Isabel Rangel de Dorantes (Silvia Pinal), e sua prima Ivana Dorantes Rangel (Gabriela Spanic) que trata Valentina com muita indiferen\u00e7a e sente inveja dela.<\/p>\n<p>Tudo muda para Valentina quando seu noivo Alonso Penalva (David Zepeda), tramando com Ivana no dia de seu casamento, a deixa esperando no altar. A partir da\u00ed, Valentina se torna uma mulher amarga, e vai para sua fazenda, no interior. Chegando l\u00e1, ela conhece seu vizinho Jos\u00e9 Miguel Montesinos (Fernando Colunga).<\/p>\n","protected":false},"excerpt":{"rendered":"<p>Resumo da novela \u201cA Dona&#8221; em 20\/05: no cap\u00edtulo 036(*) da novela, segunda-feira, 20 de maio, Valentina diz a Jos\u00e9 Miguel que o beijo foi apenas para demonstrar que ele n\u00e3o significa nada para ela. Valentina retoma o assunto de seu interesse pela compra da fazenda Montesinos. Jos\u00e9 Miguel desconversa e diz que sabe que [&hellip;]<\/p>\n","protected":false},"author":2,"featured_media":173626,"comment_status":"open","ping_status":"closed","sticky":false,"template":"","format":"standard","meta":{"tdm_status":"","tdm_grid_status":"","footnotes":""},"categories":[379,372,343],"tags":[441],"class_list":{"0":"post-176311","1":"post","2":"type-post","3":"status-publish","4":"format-standard","5":"has-post-thumbnail","7":"category-novelas","8":"category-sbt","9":"category-televisao","10":"tag-resumo-do-dia"},"_links":{"self":[{"href":"https:\/\/migracao.redenoticia.com.br\/noticia\/wp-json\/wp\/v2\/posts\/176311","targetHints":{"allow":["GET"]}}],"collection":[{"href":"https:\/\/migracao.redenoticia.com.br\/noticia\/wp-json\/wp\/v2\/posts"}],"about":[{"href":"https:\/\/migracao.redenoticia.com.br\/noticia\/wp-json\/wp\/v2\/types\/post"}],"author":[{"embeddable":true,"href":"https:\/\/migracao.redenoticia.com.br\/noticia\/wp-json\/wp\/v2\/users\/2"}],"replies":[{"embeddable":true,"href":"https:\/\/migracao.redenoticia.com.br\/noticia\/wp-json\/wp\/v2\/comments?post=176311"}],"version-history":[{"count":0,"href":"https:\/\/migracao.redenoticia.com.br\/noticia\/wp-json\/wp\/v2\/posts\/176311\/revisions"}],"wp:featuredmedia":[{"embeddable":true,"href":"https:\/\/migracao.redenoticia.com.br\/noticia\/wp-json\/wp\/v2\/media\/173626"}],"wp:attachment":[{"href":"https:\/\/migracao.redenoticia.com.br\/noticia\/wp-json\/wp\/v2\/media?parent=176311"}],"wp:term":[{"taxonomy":"category","embeddable":true,"href":"https:\/\/migracao.redenoticia.com.br\/noticia\/wp-json\/wp\/v2\/categories?post=176311"},{"taxonomy":"post_tag","embeddable":true,"href":"https:\/\/migracao.redenoticia.com.br\/noticia\/wp-json\/wp\/v2\/tags?post=176311"}],"curies":[{"name":"wp","href":"https:\/\/api.w.org\/{rel}","templated":true}]}}