{"id":176320,"date":"2019-05-18T17:18:49","date_gmt":"2019-05-18T20:18:49","guid":{"rendered":"https:\/\/www.redenoticia.com.br\/noticia\/?p=176320"},"modified":"2019-05-18T17:24:15","modified_gmt":"2019-05-18T20:24:15","slug":"resumo-novela-cumplices-de-um-resgate-20-05-rebeca-e-otavio-vao-ate-a-delegacia","status":"publish","type":"post","link":"https:\/\/migracao.redenoticia.com.br\/noticia\/2019\/resumo-novela-cumplices-de-um-resgate-20-05-rebeca-e-otavio-vao-ate-a-delegacia\/176320","title":{"rendered":"Resumo novela \u201cC\u00famplices de um Resgate\u201d 20\/05: Rebeca e Ot\u00e1vio v\u00e3o at\u00e9 a delegacia"},"content":{"rendered":"<p><img loading=\"lazy\" decoding=\"async\" class=\"aligncenter size-large wp-image-164526\" src=\"https:\/\/migracao.redenoticia.com.br\/noticia\/imagens\/cumplices-de-um-resgate-001-316x300.jpg\" alt=\"\" width=\"316\" height=\"300\" srcset=\"https:\/\/migracao.redenoticia.com.br\/noticia\/imagens\/cumplices-de-um-resgate-001-316x300.jpg 316w, https:\/\/migracao.redenoticia.com.br\/noticia\/imagens\/cumplices-de-um-resgate-001-197x187.jpg 197w, https:\/\/migracao.redenoticia.com.br\/noticia\/imagens\/cumplices-de-um-resgate-001-150x143.jpg 150w, https:\/\/migracao.redenoticia.com.br\/noticia\/imagens\/cumplices-de-um-resgate-001.jpg 526w\" sizes=\"auto, (max-width: 316px) 100vw, 316px\" \/> Resumo novela \u201cC\u00famplices de um Resgate\u201d 20\/05 : no cap\u00edtulo 096(*) da novela, segunda-feira, 20 de maio, Safira diz para a modelo Gislene (Dani Gondim), que est\u00e1 fazendo fotos para o cat\u00e1logo da On-Enterprise, para ela ser \u201csolicita\u201d com Ot\u00e1vio para ser a modelo fixa da marca. Joaquim diz para Manuela ficar calma, pois sempre estar\u00e1 ao seu lado. Flavia conta para Helena que est\u00e1 apaixonada pelo pastor Augusto. Meire deixa o urso na porta dos irm\u00e3os Vaz, que encontram o presente misterioso e n\u00e3o desconfiam da c\u00e2mera escondida. Safira diz para Ot\u00e1vio passar no camarim da modelo, pois acredita que ela pode ser aproveitada nos cat\u00e1logos futuros. Isabela conversa com Marina sobre o que fazer para destrocar de lugar com Manuela.<\/p>\n<p>Safira diz para Frederico pedir para Rebeca ir ao camarim da modelo para cham\u00e1-la. No camarim, a modelo d\u00e1 em cima de Ot\u00e1vio. Rebeca v\u00ea a cena, fica enciumada e n\u00e3o desculpa o namorado. Joaquim fica encantado ao ouvir Manuela cantado e decide tocar viol\u00e3o para ela. Julia d\u00e1 o urso misterioso de presente para Lola.&nbsp;&nbsp;Lola apresenta o urso para sua peixe de estima\u00e7\u00e3o. A menina nomeia o brinquedo com o nome de Pompeu e n\u00e3o percebe que existe uma c\u00e2mera nele. Isabela finge ser Manuela para enganar Regina. Ot\u00e1vio tenta fazer as pazes com Rebeca e lembra o quanto a ama. Safira entra na sala e entrega para ele o telefone da modelo. Fiorina elogia a beleza de Helena. Lola molha o urso de pel\u00facia e descobre a c\u00e2mera no brinquedo. Meire estranha que a imagem da c\u00e2mera n\u00e3o est\u00e1 mais sendo exibida em sua televis\u00e3o.<\/p>\n<p>As crian\u00e7as se preocupam com quem enviou o urso com a c\u00e2mera. Mateus e D\u00f3ris dizem para o pai que Omar possui um temperamento p\u00e9ssimo. Luiz pede para os filhos terem paci\u00eancia com Omar, pois os pais dele brigavam muito e s\u00e3o separados. Rebeca e Ot\u00e1vio v\u00e3o at\u00e9 a delegacia e descobrem que existem duas fichas de meninas com caracter\u00edsticas similares com a de Manuela. Rebeca diz que nenhuma delas \u00e9 sua filha. A mulher conta como foram as liga\u00e7\u00f5es que recebeu da Manuela.O delegado diz que o mist\u00e9rio apenas aumenta, pois n\u00e3o se trata de um sequestro e nem do pai da garota. Omar n\u00e3o gosta da grosseria de Nico e corta o freio de sua bicicleta sem que ningu\u00e9m veja. Nico cai da bicicleta. Omar ri e assume para Mateus o que fez, mas diz que se ele disser algo para algu\u00e9m ele nega tudo.<\/p>\n<p>(*) edi\u00e7\u00e3o do SBT, Novela \u201cC\u00famplices de um Resgate\u201d, sujeito a altera\u00e7\u00e3o de data e conte\u00fado.<\/p>\n","protected":false},"excerpt":{"rendered":"<p>Resumo novela \u201cC\u00famplices de um Resgate\u201d 20\/05 : no cap\u00edtulo 096(*) da novela, segunda-feira, 20 de maio, Safira diz para a modelo Gislene (Dani Gondim), que est\u00e1 fazendo fotos para o cat\u00e1logo da On-Enterprise, para ela ser \u201csolicita\u201d com Ot\u00e1vio para ser a modelo fixa da marca. Joaquim diz para Manuela ficar calma, pois sempre [&hellip;]<\/p>\n","protected":false},"author":2,"featured_media":164525,"comment_status":"open","ping_status":"closed","sticky":false,"template":"","format":"standard","meta":{"tdm_status":"","tdm_grid_status":"","footnotes":""},"categories":[379,372,343],"tags":[441],"class_list":{"0":"post-176320","1":"post","2":"type-post","3":"status-publish","4":"format-standard","5":"has-post-thumbnail","7":"category-novelas","8":"category-sbt","9":"category-televisao","10":"tag-resumo-do-dia"},"_links":{"self":[{"href":"https:\/\/migracao.redenoticia.com.br\/noticia\/wp-json\/wp\/v2\/posts\/176320","targetHints":{"allow":["GET"]}}],"collection":[{"href":"https:\/\/migracao.redenoticia.com.br\/noticia\/wp-json\/wp\/v2\/posts"}],"about":[{"href":"https:\/\/migracao.redenoticia.com.br\/noticia\/wp-json\/wp\/v2\/types\/post"}],"author":[{"embeddable":true,"href":"https:\/\/migracao.redenoticia.com.br\/noticia\/wp-json\/wp\/v2\/users\/2"}],"replies":[{"embeddable":true,"href":"https:\/\/migracao.redenoticia.com.br\/noticia\/wp-json\/wp\/v2\/comments?post=176320"}],"version-history":[{"count":0,"href":"https:\/\/migracao.redenoticia.com.br\/noticia\/wp-json\/wp\/v2\/posts\/176320\/revisions"}],"wp:featuredmedia":[{"embeddable":true,"href":"https:\/\/migracao.redenoticia.com.br\/noticia\/wp-json\/wp\/v2\/media\/164525"}],"wp:attachment":[{"href":"https:\/\/migracao.redenoticia.com.br\/noticia\/wp-json\/wp\/v2\/media?parent=176320"}],"wp:term":[{"taxonomy":"category","embeddable":true,"href":"https:\/\/migracao.redenoticia.com.br\/noticia\/wp-json\/wp\/v2\/categories?post=176320"},{"taxonomy":"post_tag","embeddable":true,"href":"https:\/\/migracao.redenoticia.com.br\/noticia\/wp-json\/wp\/v2\/tags?post=176320"}],"curies":[{"name":"wp","href":"https:\/\/api.w.org\/{rel}","templated":true}]}}