{"id":176449,"date":"2019-05-25T22:15:00","date_gmt":"2019-05-26T01:15:00","guid":{"rendered":"https:\/\/www.redenoticia.com.br\/noticia\/?p=176449"},"modified":"2019-05-25T22:29:11","modified_gmt":"2019-05-26T01:29:11","slug":"novela-verao-90-janaina-encontra-herculano-com-gisela","status":"publish","type":"post","link":"https:\/\/migracao.redenoticia.com.br\/noticia\/2019\/novela-verao-90-janaina-encontra-herculano-com-gisela\/176449","title":{"rendered":"Novela \u201cVer\u00e3o 90\u201d: Jana\u00edna encontra Herculano com Gisela"},"content":{"rendered":"<p><strong><em><img loading=\"lazy\" decoding=\"async\" class=\"aligncenter size-large wp-image-167198\" src=\"https:\/\/migracao.redenoticia.com.br\/noticia\/imagens\/verao-90-resumo-globo-capitulos-394x300.jpg\" alt=\"\" width=\"394\" height=\"300\" srcset=\"https:\/\/migracao.redenoticia.com.br\/noticia\/imagens\/verao-90-resumo-globo-capitulos-394x300.jpg 394w, https:\/\/migracao.redenoticia.com.br\/noticia\/imagens\/verao-90-resumo-globo-capitulos-246x187.jpg 246w, https:\/\/migracao.redenoticia.com.br\/noticia\/imagens\/verao-90-resumo-globo-capitulos-560x426.jpg 560w, https:\/\/migracao.redenoticia.com.br\/noticia\/imagens\/verao-90-resumo-globo-capitulos.jpg 661w\" sizes=\"auto, (max-width: 394px) 100vw, 394px\" \/><\/em><\/strong><\/p>\n<p><strong><em>Novela \u201cVer\u00e3o 90\u201d:<\/em><\/strong> Jer\u00f4nimo (Jesu\u00edta Barbosa) faz Jana\u00edna (Dira Paes) acreditar que Herculano (Humberto Martins) roubou a receita de bombom. Jana\u00edna encontrar a carteira de Herculano em seu escrit\u00f3rio, o acusa de roubo e ele rompe o namoro.<\/p>\n<p>Enquanto isso, Mercedes (Totia Meireles) manda T\u00e2nia (Marcela Siqueira) encenar que tem um caso com Patrick (Klebber Toledo), Gisela (D\u00e9bora Nascimento) fica arrasada, sai para beber e encontra Herculano. Ele leva a ex-mulher para se recuperar no apartamento de Diana (Maria Carol).<\/p>\n<p>Jana\u00edna descobre que caiu em uma arma\u00e7\u00e3o de Jer\u00f4nimo, procura Herculano para se desculpar e encontra Gisela com ele: &#8220;Me desculpe, n\u00e3o devia ter vindo sem avisar&#8221;.<\/p>\n<p>Gisela explica: &#8220;N\u00e3o, eu que pe\u00e7o desculpa! Eu n\u00e3o devia estar aqui. \u00c9 que ontem eu tive um probleminha, Herculano me ajudou&#8230;Bom, gente, eu vou me arrumar pra ir embora&#8221;. Herculano declara: &#8220;Eu fa\u00e7o quest\u00e3o de te levar em casa&#8230;Jana\u00edna, outra hora a gente conversa, t\u00e1?&#8221;. Jana\u00edna se sente humilhada. Cena prevista para segunda-feira (27) na novela &#8220;Ver\u00e3o 90&#8221;.<\/p>\n<p>Sinopse \u201cVer\u00e3o 90\u201d: O Rio de Janeiro da d\u00e9cada de 1990, a cultura efervescente da \u00e9poca, os acontecimentos sociais e pol\u00edticos, a m\u00fasica e a moda est\u00e3o presentes em \u2018Ver\u00e3o 90\u2019, uma com\u00e9dia rom\u00e2ntica, solar e musical, escrita por Izabel de Oliveira e Paula Amaral, com dire\u00e7\u00e3o art\u00edstica de Jorge Fernando.<\/p>\n","protected":false},"excerpt":{"rendered":"<p>Novela \u201cVer\u00e3o 90\u201d: Jer\u00f4nimo (Jesu\u00edta Barbosa) faz Jana\u00edna (Dira Paes) acreditar que Herculano (Humberto Martins) roubou a receita de bombom. Jana\u00edna encontrar a carteira de Herculano em seu escrit\u00f3rio, o acusa de roubo e ele rompe o namoro. Enquanto isso, Mercedes (Totia Meireles) manda T\u00e2nia (Marcela Siqueira) encenar que tem um caso com Patrick (Klebber [&hellip;]<\/p>\n","protected":false},"author":2,"featured_media":168047,"comment_status":"open","ping_status":"closed","sticky":false,"template":"","format":"standard","meta":{"tdm_status":"","tdm_grid_status":"","footnotes":""},"categories":[388,379,375,343,536],"tags":[440],"class_list":{"0":"post-176449","1":"post","2":"type-post","3":"status-publish","4":"format-standard","5":"has-post-thumbnail","7":"category-destaques","8":"category-novelas","9":"category-rede-globo","10":"category-televisao","11":"category-verao-90","12":"tag-noticia-novela"},"_links":{"self":[{"href":"https:\/\/migracao.redenoticia.com.br\/noticia\/wp-json\/wp\/v2\/posts\/176449","targetHints":{"allow":["GET"]}}],"collection":[{"href":"https:\/\/migracao.redenoticia.com.br\/noticia\/wp-json\/wp\/v2\/posts"}],"about":[{"href":"https:\/\/migracao.redenoticia.com.br\/noticia\/wp-json\/wp\/v2\/types\/post"}],"author":[{"embeddable":true,"href":"https:\/\/migracao.redenoticia.com.br\/noticia\/wp-json\/wp\/v2\/users\/2"}],"replies":[{"embeddable":true,"href":"https:\/\/migracao.redenoticia.com.br\/noticia\/wp-json\/wp\/v2\/comments?post=176449"}],"version-history":[{"count":0,"href":"https:\/\/migracao.redenoticia.com.br\/noticia\/wp-json\/wp\/v2\/posts\/176449\/revisions"}],"wp:featuredmedia":[{"embeddable":true,"href":"https:\/\/migracao.redenoticia.com.br\/noticia\/wp-json\/wp\/v2\/media\/168047"}],"wp:attachment":[{"href":"https:\/\/migracao.redenoticia.com.br\/noticia\/wp-json\/wp\/v2\/media?parent=176449"}],"wp:term":[{"taxonomy":"category","embeddable":true,"href":"https:\/\/migracao.redenoticia.com.br\/noticia\/wp-json\/wp\/v2\/categories?post=176449"},{"taxonomy":"post_tag","embeddable":true,"href":"https:\/\/migracao.redenoticia.com.br\/noticia\/wp-json\/wp\/v2\/tags?post=176449"}],"curies":[{"name":"wp","href":"https:\/\/api.w.org\/{rel}","templated":true}]}}