{"id":176645,"date":"2019-05-25T13:18:06","date_gmt":"2019-05-25T16:18:06","guid":{"rendered":"https:\/\/www.redenoticia.com.br\/noticia\/?p=176645"},"modified":"2019-05-25T13:18:14","modified_gmt":"2019-05-25T16:18:14","slug":"resumo-novela-a-dona-27-05-rodrigo-ameaca-maria-da-luz","status":"publish","type":"post","link":"https:\/\/migracao.redenoticia.com.br\/noticia\/2019\/resumo-novela-a-dona-27-05-rodrigo-ameaca-maria-da-luz\/176645","title":{"rendered":"Resumo novela \u201cA Dona\u201d 27\/05: Rodrigo amea\u00e7a Maria da Luz"},"content":{"rendered":"<p><img loading=\"lazy\" decoding=\"async\" class=\"aligncenter size-large wp-image-173633\" src=\"https:\/\/migracao.redenoticia.com.br\/noticia\/imagens\/a-dona-270x300.jpg\" alt=\"\" width=\"270\" height=\"300\" srcset=\"https:\/\/migracao.redenoticia.com.br\/noticia\/imagens\/a-dona-270x300.jpg 270w, https:\/\/migracao.redenoticia.com.br\/noticia\/imagens\/a-dona-168x187.jpg 168w, https:\/\/migracao.redenoticia.com.br\/noticia\/imagens\/a-dona.jpg 380w\" sizes=\"auto, (max-width: 270px) 100vw, 270px\" \/>Resumo da novela <strong><em>\u201cA Dona&#8221;<\/em><\/strong> em 27\/05: no cap\u00edtulo 041(*) da novela, segunda-feira, 27 de maio, Rodrigo amea\u00e7a Maria da Luz dizendo que vai matar Cristina se ela contar algo do que aconteceu. Valentina vai \u00e0 casa de Cristina para lhe informar sobre a sa\u00fade de Maria da Luz, e lhe oferece todo seu apoio, e que se ela desejar, tamb\u00e9m poderia ir trabalhar na fazenda Os Carac\u00f3is. Cristina agradece a oferta mas diz que l\u00e1 trabalhar\u00e1 com Rodrigo, e ela n\u00e3o deseja mais ter nenhum tipo de contato com ele. Cristina aconselha Valentina a se desfazer de Rodrigo antes que ele acabe lhe fazendo mal, pois ele roubou muito dinheiro da fazenda enquanto a dona estava longe.<\/p>\n<p>Valentina, surpresa, diz que revisar\u00e1 pessoalmente as contas. Frederico diz a Isabel que cometeu um grande erro ao se casar com Leonor. Isabel, chorando, responde que est\u00e1 muito confusa com seu sentimento, e que come\u00e7ou a sentir coisas que pensou jamais voltar a sentir na sua idade. Com medo, ela diz que tudo que ocorreu entre ela e Frederico ficou no passado, e est\u00e1 enterrado. Frederico diz a Ernesto que Isabel necessita de um homem que a ame, pois no passado ele a fez sofrer demais. Isabel confessa a Ivana que antes de se casar com seu pai, foi namorada de Frederico Montesinos.<\/p>\n<p>(*) edi\u00e7\u00e3o do SBT, Novela \u201cA Dona\u201d, sujeito a altera\u00e7\u00e3o de data e conte\u00fado.<\/p>\n<p>Destaques<\/p>\n<p>&#8220;A Dona&#8221; &#8211; Valentina Vila\u00e7a (Lucero) \u00e9 uma mulher que tem uma grande fortuna, que seus pais deixaram para ela quando morreram em um acidente de carro. Ela tem uma mans\u00e3o na Cidade do M\u00e9xico, onde vive com sua tia Isabel Rangel de Dorantes (Silvia Pinal), e sua prima Ivana Dorantes Rangel (Gabriela Spanic) que trata Valentina com muita indiferen\u00e7a e sente inveja dela.<\/p>\n<p>Tudo muda para Valentina quando seu noivo Alonso Penalva (David Zepeda), tramando com Ivana no dia de seu casamento, a deixa esperando no altar. A partir da\u00ed, Valentina se torna uma mulher amarga, e vai para sua fazenda, no interior. Chegando l\u00e1, ela conhece seu vizinho Jos\u00e9 Miguel Montesinos (Fernando Colunga).<\/p>\n","protected":false},"excerpt":{"rendered":"<p>Resumo da novela \u201cA Dona&#8221; em 27\/05: no cap\u00edtulo 041(*) da novela, segunda-feira, 27 de maio, Rodrigo amea\u00e7a Maria da Luz dizendo que vai matar Cristina se ela contar algo do que aconteceu. Valentina vai \u00e0 casa de Cristina para lhe informar sobre a sa\u00fade de Maria da Luz, e lhe oferece todo seu apoio, [&hellip;]<\/p>\n","protected":false},"author":2,"featured_media":173626,"comment_status":"open","ping_status":"closed","sticky":false,"template":"","format":"standard","meta":{"tdm_status":"","tdm_grid_status":"","footnotes":""},"categories":[379,372,343],"tags":[441],"class_list":{"0":"post-176645","1":"post","2":"type-post","3":"status-publish","4":"format-standard","5":"has-post-thumbnail","7":"category-novelas","8":"category-sbt","9":"category-televisao","10":"tag-resumo-do-dia"},"_links":{"self":[{"href":"https:\/\/migracao.redenoticia.com.br\/noticia\/wp-json\/wp\/v2\/posts\/176645","targetHints":{"allow":["GET"]}}],"collection":[{"href":"https:\/\/migracao.redenoticia.com.br\/noticia\/wp-json\/wp\/v2\/posts"}],"about":[{"href":"https:\/\/migracao.redenoticia.com.br\/noticia\/wp-json\/wp\/v2\/types\/post"}],"author":[{"embeddable":true,"href":"https:\/\/migracao.redenoticia.com.br\/noticia\/wp-json\/wp\/v2\/users\/2"}],"replies":[{"embeddable":true,"href":"https:\/\/migracao.redenoticia.com.br\/noticia\/wp-json\/wp\/v2\/comments?post=176645"}],"version-history":[{"count":0,"href":"https:\/\/migracao.redenoticia.com.br\/noticia\/wp-json\/wp\/v2\/posts\/176645\/revisions"}],"wp:featuredmedia":[{"embeddable":true,"href":"https:\/\/migracao.redenoticia.com.br\/noticia\/wp-json\/wp\/v2\/media\/173626"}],"wp:attachment":[{"href":"https:\/\/migracao.redenoticia.com.br\/noticia\/wp-json\/wp\/v2\/media?parent=176645"}],"wp:term":[{"taxonomy":"category","embeddable":true,"href":"https:\/\/migracao.redenoticia.com.br\/noticia\/wp-json\/wp\/v2\/categories?post=176645"},{"taxonomy":"post_tag","embeddable":true,"href":"https:\/\/migracao.redenoticia.com.br\/noticia\/wp-json\/wp\/v2\/tags?post=176645"}],"curies":[{"name":"wp","href":"https:\/\/api.w.org\/{rel}","templated":true}]}}