{"id":176646,"date":"2019-05-25T13:20:41","date_gmt":"2019-05-25T16:20:41","guid":{"rendered":"https:\/\/www.redenoticia.com.br\/noticia\/?p=176646"},"modified":"2019-05-25T13:20:47","modified_gmt":"2019-05-25T16:20:47","slug":"resumo-novela-a-que-nao-podia-amar-27-05-gustavo-e-mercedes-chegam-na-fazenda","status":"publish","type":"post","link":"https:\/\/migracao.redenoticia.com.br\/noticia\/2019\/resumo-novela-a-que-nao-podia-amar-27-05-gustavo-e-mercedes-chegam-na-fazenda\/176646","title":{"rendered":"Resumo novela \u201cA Que N\u00e3o Podia Amar\u201d 27\/05: Gustavo e Mercedes chegam na fazenda"},"content":{"rendered":"<p><strong><em><img loading=\"lazy\" decoding=\"async\" class=\"aligncenter size-large wp-image-173635\" src=\"https:\/\/migracao.redenoticia.com.br\/noticia\/imagens\/a-que-nao-podia-amar-400x271.jpg\" alt=\"\" width=\"400\" height=\"271\" srcset=\"https:\/\/migracao.redenoticia.com.br\/noticia\/imagens\/a-que-nao-podia-amar-400x271.jpg 400w, https:\/\/migracao.redenoticia.com.br\/noticia\/imagens\/a-que-nao-podia-amar-250x169.jpg 250w, https:\/\/migracao.redenoticia.com.br\/noticia\/imagens\/a-que-nao-podia-amar-560x379.jpg 560w, https:\/\/migracao.redenoticia.com.br\/noticia\/imagens\/a-que-nao-podia-amar.jpg 620w\" sizes=\"auto, (max-width: 400px) 100vw, 400px\" \/><\/em><\/strong><\/p>\n<p>Resumo da novela<strong><em> \u201cA Que N\u00e3o Podia Amar\u201d&nbsp;<\/em><\/strong> em 27\/05: no cap\u00edtulo 036(*) da novela, segunda-feira, 27 de maio, Ana Paula planeja sua fuga, diz a Dany e Miguel que quando Rog\u00e9rio a deixar sair com Marquinho, a\u00ed podem aproveitar para fugir e levarem o menino com eles. Vanessa visita seu pai no escrit\u00f3rio e lhe pergunta como se chama sua outra filha, este lhe diz que o melhor \u00e9 que n\u00e3o fique sabendo e nunca a conhe\u00e7a. Rog\u00e9rio pede ajuda a Dani. Frederico chega na fazenda em busca de sua filha. O julgamento de Miguel se complica e Ana n\u00e3o sabe o que decidir diante de Rog\u00e9rio.<\/p>\n<p>Rog\u00e9rio amea\u00e7a Ana Paula, pois se n\u00e3o cumprir o contrato far\u00e1 que uma das cl\u00e1usulas do contrato se cumpram, ela se surpreende. Frederico chega fazenda de Rog\u00e9rio para ver sua filha Ana Paula. Ele usa como desculpa que foi acertar suas diferen\u00e7as com Rog\u00e9rio. Um problema na estrada impede Frederico de deixar a fazenda. Ana Paula diz a Frederico, na frente de todos, que gostaria de ter um pai como ele para que a defenda de quem a machuca, Rog\u00e9rio n\u00e3o gosta do coment\u00e1rio. Frederico fica sabendo que Ana Paula n\u00e3o vive com seu pai porque ele morreu, mas que coincidentemente tamb\u00e9m tinha o nome de Frederico.<\/p>\n<p>Frederico se d\u00e1 conta que Ana Paula pediu a Rog\u00e9rio que se desculpe com Vanessa. Frederico ganha a confian\u00e7a de Ana Paula. Mais uma vez Rog\u00e9rio e Ana Paula se enfrentam, ele pergunta se ela est\u00e1 certa de que quer que ele deixe de ajudar Miguel, ela diz que estava disposta a pagar se casando com um homem ressentido com a vida, mas que n\u00e3o est\u00e1 disposta a ficar casada com um assassino. Por convite de C\u00edntia, Mercedes planeja viajar junto com seu irm\u00e3o Gustavo para a fazenda do forte, situa\u00e7\u00e3o que poderia fazer Ana Paula se dar conta que Gustavo ainda est\u00e1 vivo.<\/p>\n<p>Miguel foge da fazenda e avisa Ana Paula. Rog\u00e9rio exige a Paula que cumpra com o contrato. Frederico procura Ana Paula e diz que n\u00e3o entende como algu\u00e9m como ela pode se casar com Rog\u00e9rio, lhe pergunta como v\u00e3o as coisas entre eles, ela se surpreende muito pelo teor da conversa. Elias e C\u00edntia se beijam apaixonadamente no seu quarto, quando s\u00e3o flagrados por Consuelo e imediatamente se afastam. Gustavo e Mercedes chegam na fazenda.<\/p>\n<p>(*) edi\u00e7\u00e3o do SBT, Novela \u201cA Que N\u00e3o Podia Amar\u201d, sujeito a altera\u00e7\u00e3o de data e conte\u00fado.<\/p>\n<p>Destaques<\/p>\n<p>&#8220;A Que N\u00e3o Podia Amar&#8221;- Ana Paula, uma enfermeira humilde que se v\u00ea obrigada a trabalhar na casa de Rog\u00e9rio Montero (Jorge Salinas), um homem amargurado. Rog\u00e9rio sofre por ser parapl\u00e9gico e destrata todas as pessoas. Ana Paula atura tudo calada e o rica\u00e7o se apaixona por ela.<\/p>\n<p>Ana conhece Gustavo Duran (Jos\u00e9 Ron), um engenheiro nobre e trabalhador. Os dois se apaixonam, mas ter\u00e3o de enfrentar Rog\u00e9rio, j\u00e1 que ele tamb\u00e9m gosta da mocinha, formando assim, um tri\u00e2ngulo amoroso com terr\u00edveis consequ\u00eancias.<\/p>\n","protected":false},"excerpt":{"rendered":"<p>Resumo da novela \u201cA Que N\u00e3o Podia Amar\u201d&nbsp; em 27\/05: no cap\u00edtulo 036(*) da novela, segunda-feira, 27 de maio, Ana Paula planeja sua fuga, diz a Dany e Miguel que quando Rog\u00e9rio a deixar sair com Marquinho, a\u00ed podem aproveitar para fugir e levarem o menino com eles. Vanessa visita seu pai no escrit\u00f3rio e [&hellip;]<\/p>\n","protected":false},"author":2,"featured_media":173627,"comment_status":"open","ping_status":"closed","sticky":false,"template":"","format":"standard","meta":{"tdm_status":"","tdm_grid_status":"","footnotes":""},"categories":[379,372,343],"tags":[441],"class_list":{"0":"post-176646","1":"post","2":"type-post","3":"status-publish","4":"format-standard","5":"has-post-thumbnail","7":"category-novelas","8":"category-sbt","9":"category-televisao","10":"tag-resumo-do-dia"},"_links":{"self":[{"href":"https:\/\/migracao.redenoticia.com.br\/noticia\/wp-json\/wp\/v2\/posts\/176646","targetHints":{"allow":["GET"]}}],"collection":[{"href":"https:\/\/migracao.redenoticia.com.br\/noticia\/wp-json\/wp\/v2\/posts"}],"about":[{"href":"https:\/\/migracao.redenoticia.com.br\/noticia\/wp-json\/wp\/v2\/types\/post"}],"author":[{"embeddable":true,"href":"https:\/\/migracao.redenoticia.com.br\/noticia\/wp-json\/wp\/v2\/users\/2"}],"replies":[{"embeddable":true,"href":"https:\/\/migracao.redenoticia.com.br\/noticia\/wp-json\/wp\/v2\/comments?post=176646"}],"version-history":[{"count":0,"href":"https:\/\/migracao.redenoticia.com.br\/noticia\/wp-json\/wp\/v2\/posts\/176646\/revisions"}],"wp:featuredmedia":[{"embeddable":true,"href":"https:\/\/migracao.redenoticia.com.br\/noticia\/wp-json\/wp\/v2\/media\/173627"}],"wp:attachment":[{"href":"https:\/\/migracao.redenoticia.com.br\/noticia\/wp-json\/wp\/v2\/media?parent=176646"}],"wp:term":[{"taxonomy":"category","embeddable":true,"href":"https:\/\/migracao.redenoticia.com.br\/noticia\/wp-json\/wp\/v2\/categories?post=176646"},{"taxonomy":"post_tag","embeddable":true,"href":"https:\/\/migracao.redenoticia.com.br\/noticia\/wp-json\/wp\/v2\/tags?post=176646"}],"curies":[{"name":"wp","href":"https:\/\/api.w.org\/{rel}","templated":true}]}}