{"id":176648,"date":"2019-05-25T13:25:33","date_gmt":"2019-05-25T16:25:33","guid":{"rendered":"https:\/\/www.redenoticia.com.br\/noticia\/?p=176648"},"modified":"2019-05-25T13:25:39","modified_gmt":"2019-05-25T16:25:39","slug":"resumo-novela-cumplices-de-um-resgate-27-05-manuela-ve-rebeca-e-chora","status":"publish","type":"post","link":"https:\/\/migracao.redenoticia.com.br\/noticia\/2019\/resumo-novela-cumplices-de-um-resgate-27-05-manuela-ve-rebeca-e-chora\/176648","title":{"rendered":"Resumo novela \u201cC\u00famplices de um Resgate\u201d 27\/05: Manuela v\u00ea Rebeca e chora"},"content":{"rendered":"<p><img loading=\"lazy\" decoding=\"async\" class=\"aligncenter size-large wp-image-164526\" src=\"https:\/\/migracao.redenoticia.com.br\/noticia\/imagens\/cumplices-de-um-resgate-001-316x300.jpg\" alt=\"\" width=\"316\" height=\"300\" srcset=\"https:\/\/migracao.redenoticia.com.br\/noticia\/imagens\/cumplices-de-um-resgate-001-316x300.jpg 316w, https:\/\/migracao.redenoticia.com.br\/noticia\/imagens\/cumplices-de-um-resgate-001-197x187.jpg 197w, https:\/\/migracao.redenoticia.com.br\/noticia\/imagens\/cumplices-de-um-resgate-001-150x143.jpg 150w, https:\/\/migracao.redenoticia.com.br\/noticia\/imagens\/cumplices-de-um-resgate-001.jpg 526w\" sizes=\"auto, (max-width: 316px) 100vw, 316px\" \/> Resumo novela \u201cC\u00famplices de um Resgate\u201d 27\/05 : no cap\u00edtulo 101(*) da novela, segunda-feira, 27 de maio, no carro de Regina, Manuela v\u00ea Rebeca na rua e chora. Meire vai ao apartamento dos Vaz e conta que viu atrav\u00e9s do telesc\u00f3pio de seu apartamento uma menina. Meire v\u00ea Isabela disfar\u00e7ada de menino e acredita na hist\u00f3ria de que \u201cele\u201d se chama Gabriel.<\/p>\n<p>A s\u00edndica diz para \u201cele\u201d confessar que \u00e9 o cabe\u00e7a do grupo e respons\u00e1vel por matar Flora. Isabela engrossa a voz e diz que \u00e9 isso mesmo. Meire vai embora assustada. Regina est\u00e1 preocupada e quer saber o que a Rebeca est\u00e1 fazendo na cidade.<\/p>\n<p>Helena diz para Clara que sua m\u00e3e fica tentando empurr\u00e1-la para o pastor Augusto e por isso fica preocupada de Flavia pensar que \u00e9 ela quem est\u00e1 interessada no religioso. Helena conversa com Flavia e se explica para a amiga, que compreende. No vilarejo, Of\u00e9lio conta para Nico que est\u00e1 triste por Marina nunca mais ter lhe procurado ou respondido suas mensagens.<\/p>\n<p>Marina diz para Manuela que pediu para Dami\u00e3o conseguir um celular e que levar\u00e1 o aparelho para ela ligar para Rebeca, revelar onde est\u00e1, mas pedir para ela tomar cuidado com as informa\u00e7\u00f5es pois est\u00e1 em perigo. Ao lado de Sabrina, Omar inventa para T\u00e9o que existe um \u00f3culos da cidade grande que faz com que cegos voltem a enxergar e que possui um para emprestar.<\/p>\n<p>(*) edi\u00e7\u00e3o do SBT, Novela \u201cC\u00famplices de um Resgate\u201d, sujeito a altera\u00e7\u00e3o de data e conte\u00fado.<\/p>\n","protected":false},"excerpt":{"rendered":"<p>Resumo novela \u201cC\u00famplices de um Resgate\u201d 27\/05 : no cap\u00edtulo 101(*) da novela, segunda-feira, 27 de maio, no carro de Regina, Manuela v\u00ea Rebeca na rua e chora. Meire vai ao apartamento dos Vaz e conta que viu atrav\u00e9s do telesc\u00f3pio de seu apartamento uma menina. Meire v\u00ea Isabela disfar\u00e7ada de menino e acredita na [&hellip;]<\/p>\n","protected":false},"author":2,"featured_media":164525,"comment_status":"open","ping_status":"closed","sticky":false,"template":"","format":"standard","meta":{"tdm_status":"","tdm_grid_status":"","footnotes":""},"categories":[379,372,343],"tags":[441],"class_list":{"0":"post-176648","1":"post","2":"type-post","3":"status-publish","4":"format-standard","5":"has-post-thumbnail","7":"category-novelas","8":"category-sbt","9":"category-televisao","10":"tag-resumo-do-dia"},"_links":{"self":[{"href":"https:\/\/migracao.redenoticia.com.br\/noticia\/wp-json\/wp\/v2\/posts\/176648","targetHints":{"allow":["GET"]}}],"collection":[{"href":"https:\/\/migracao.redenoticia.com.br\/noticia\/wp-json\/wp\/v2\/posts"}],"about":[{"href":"https:\/\/migracao.redenoticia.com.br\/noticia\/wp-json\/wp\/v2\/types\/post"}],"author":[{"embeddable":true,"href":"https:\/\/migracao.redenoticia.com.br\/noticia\/wp-json\/wp\/v2\/users\/2"}],"replies":[{"embeddable":true,"href":"https:\/\/migracao.redenoticia.com.br\/noticia\/wp-json\/wp\/v2\/comments?post=176648"}],"version-history":[{"count":0,"href":"https:\/\/migracao.redenoticia.com.br\/noticia\/wp-json\/wp\/v2\/posts\/176648\/revisions"}],"wp:featuredmedia":[{"embeddable":true,"href":"https:\/\/migracao.redenoticia.com.br\/noticia\/wp-json\/wp\/v2\/media\/164525"}],"wp:attachment":[{"href":"https:\/\/migracao.redenoticia.com.br\/noticia\/wp-json\/wp\/v2\/media?parent=176648"}],"wp:term":[{"taxonomy":"category","embeddable":true,"href":"https:\/\/migracao.redenoticia.com.br\/noticia\/wp-json\/wp\/v2\/categories?post=176648"},{"taxonomy":"post_tag","embeddable":true,"href":"https:\/\/migracao.redenoticia.com.br\/noticia\/wp-json\/wp\/v2\/tags?post=176648"}],"curies":[{"name":"wp","href":"https:\/\/api.w.org\/{rel}","templated":true}]}}