{"id":176786,"date":"2019-05-02T19:15:41","date_gmt":"2019-05-02T22:15:41","guid":{"rendered":"https:\/\/www.redenoticia.com.br\/noticia\/?p=176786"},"modified":"2019-06-02T19:15:10","modified_gmt":"2019-06-02T22:15:10","slug":"novela-a-dona-do-pedaco-virginia-sente-que-fabiana-lhe-e-familiar","status":"publish","type":"post","link":"https:\/\/migracao.redenoticia.com.br\/noticia\/2019\/novela-a-dona-do-pedaco-virginia-sente-que-fabiana-lhe-e-familiar\/176786","title":{"rendered":"Novela \u201cA Dona do Peda\u00e7o\u201d: Virg\u00ednia sente que Fabiana lhe \u00e9 familiar"},"content":{"rendered":"<p><strong><em><img loading=\"lazy\" decoding=\"async\" class=\"aligncenter size-large wp-image-176788\" src=\"https:\/\/migracao.redenoticia.com.br\/noticia\/imagens\/A-Dona-do-Pedaco-globo-05-300x300.jpg\" alt=\"\" width=\"300\" height=\"300\" srcset=\"https:\/\/migracao.redenoticia.com.br\/noticia\/imagens\/A-Dona-do-Pedaco-globo-05-300x300.jpg 300w, https:\/\/migracao.redenoticia.com.br\/noticia\/imagens\/A-Dona-do-Pedaco-globo-05-187x187.jpg 187w, https:\/\/migracao.redenoticia.com.br\/noticia\/imagens\/A-Dona-do-Pedaco-globo-05.jpg 600w\" sizes=\"auto, (max-width: 300px) 100vw, 300px\" \/><\/em><\/strong><\/p>\n<p><strong><em>Novela &#8220;A Dona do Peda\u00e7o\u201d:<\/em><\/strong> Fabiana (Nathalia Dill) reconhece a irm\u00e3 Virg\u00ednia (Paolla Oliveira) na TV, parte para S\u00e3o Paulo e consegue emprego na construtora de Ot\u00e1vio (Jos\u00e9 de Abreu), pai adotivo da blogueira. Ela reencontra a irm\u00e3 e Virg\u00ednia estranha: &#8220;J\u00e1 me conhece?&#8221;.<\/p>\n<p>Fabiana explica: &#8220;Da internet, quem n\u00e3o conhece? Sou sua f\u00e3. Estou sendo contratada temporariamente, enquanto o departamento de recursos humanos n\u00e3o escolhe uma secret\u00e1ria. N\u00e3o serei eu a escolhida, n\u00e3o tenho o curso. Mas alguma coisa h\u00e1 de aparecer &#8230; Ah&#8230; meu nome \u00e9 Fabiana &#8230; Estranhou o nome?&#8221;<\/p>\n<p>Virg\u00ednia explica: &#8220;Ele me desperta recorda\u00e7\u00f5es. Voc\u00ea tamb\u00e9m, de alguma maneira me parece familiar &#8230; Talvez a gente j\u00e1 tenha se esbarrado por a\u00ed&#8221;. A conversa \u00e9 interrompida antes que Fabiana se revele. Cena prevista para dia 5 na novela \u201cA Dona do Peda\u00e7o\u201d.<\/p>\n<p>Sinopse \u201cA Dona do Peda\u00e7o\u201d: a novela enaltece a trajet\u00f3ria de Maria da Paz (Juliana Paes), uma jovem humilde, da cidade fict\u00edcia de Rio Vermelho, no Esp\u00edrito Santo. Maria vem de uma fam\u00edlia de justiceiros profissionais, os Ramirez, e se apaixona justamente por Amadeu (Marcos Palmeira), advogado formado em Vit\u00f3ria e membro do cl\u00e3 rival nos neg\u00f3cios, os Matheus. A trama, dividida em um pr\u00f3logo e duas fases, traz uma hist\u00f3ria de amor com elementos \u00e0 Romeu e Julieta, sem perder o humor, que permeia todo o folhetim.<\/p>\n","protected":false},"excerpt":{"rendered":"<p>Novela &#8220;A Dona do Peda\u00e7o\u201d: Fabiana (Nathalia Dill) reconhece a irm\u00e3 Virg\u00ednia (Paolla Oliveira) na TV, parte para S\u00e3o Paulo e consegue emprego na construtora de Ot\u00e1vio (Jos\u00e9 de Abreu), pai adotivo da blogueira. Ela reencontra a irm\u00e3 e Virg\u00ednia estranha: &#8220;J\u00e1 me conhece?&#8221;. Fabiana explica: &#8220;Da internet, quem n\u00e3o conhece? Sou sua f\u00e3. Estou [&hellip;]<\/p>\n","protected":false},"author":2,"featured_media":176787,"comment_status":"open","ping_status":"closed","sticky":false,"template":"","format":"standard","meta":{"tdm_status":"","tdm_grid_status":"","footnotes":""},"categories":[543,388,379,375,343],"tags":[440],"class_list":{"0":"post-176786","1":"post","2":"type-post","3":"status-publish","4":"format-standard","5":"has-post-thumbnail","7":"category-a-dona-do-pedaco","8":"category-destaques","9":"category-novelas","10":"category-rede-globo","11":"category-televisao","12":"tag-noticia-novela"},"_links":{"self":[{"href":"https:\/\/migracao.redenoticia.com.br\/noticia\/wp-json\/wp\/v2\/posts\/176786","targetHints":{"allow":["GET"]}}],"collection":[{"href":"https:\/\/migracao.redenoticia.com.br\/noticia\/wp-json\/wp\/v2\/posts"}],"about":[{"href":"https:\/\/migracao.redenoticia.com.br\/noticia\/wp-json\/wp\/v2\/types\/post"}],"author":[{"embeddable":true,"href":"https:\/\/migracao.redenoticia.com.br\/noticia\/wp-json\/wp\/v2\/users\/2"}],"replies":[{"embeddable":true,"href":"https:\/\/migracao.redenoticia.com.br\/noticia\/wp-json\/wp\/v2\/comments?post=176786"}],"version-history":[{"count":0,"href":"https:\/\/migracao.redenoticia.com.br\/noticia\/wp-json\/wp\/v2\/posts\/176786\/revisions"}],"wp:featuredmedia":[{"embeddable":true,"href":"https:\/\/migracao.redenoticia.com.br\/noticia\/wp-json\/wp\/v2\/media\/176787"}],"wp:attachment":[{"href":"https:\/\/migracao.redenoticia.com.br\/noticia\/wp-json\/wp\/v2\/media?parent=176786"}],"wp:term":[{"taxonomy":"category","embeddable":true,"href":"https:\/\/migracao.redenoticia.com.br\/noticia\/wp-json\/wp\/v2\/categories?post=176786"},{"taxonomy":"post_tag","embeddable":true,"href":"https:\/\/migracao.redenoticia.com.br\/noticia\/wp-json\/wp\/v2\/tags?post=176786"}],"curies":[{"name":"wp","href":"https:\/\/api.w.org\/{rel}","templated":true}]}}