{"id":1768,"date":"2009-05-19T16:35:19","date_gmt":"2009-05-19T20:35:19","guid":{"rendered":"http:\/\/www.redenoticia.com.br\/noticia\/?p=1768"},"modified":"2009-05-19T16:35:19","modified_gmt":"2009-05-19T20:35:19","slug":"nota-oficial-da-camara-municipal-de-ji-parana-ro","status":"publish","type":"post","link":"https:\/\/migracao.redenoticia.com.br\/noticia\/2009\/nota-oficial-da-camara-municipal-de-ji-parana-ro\/1768","title":{"rendered":"Nota oficial da C\u00e2mara Municipal de Ji-Paran\u00e1 (RO)"},"content":{"rendered":"<p align=\"justify\"><span style=\"font-family: 'Times New Roman'; font-size: small;\">O Departamento de Comunica\u00e7\u00e3o Social da C\u00e2mara Municipal de Ji-Paran\u00e1, vem a p\u00fablico, esclarecer que o vereador Kl\u00e9cius Modesto (PSDC) afirmou na manh\u00e3 de hoje (19) que seu nome foi usado de forma maldosa e vil e que jamais teria tal comportamento de amea\u00e7ar qualquer ser humano.<\/span>\u00a0<\/p>\n<p align=\"justify\"><span style=\"font-family: 'Times New Roman'; font-size: small;\">Klecius afirmou ainda que ir\u00e1 pessoalmente comparecer ao F\u00f3rum de Ji-Paran\u00e1 para conversar com o Excelent\u00edssimo Juiz Valdecir Ramos de Souza\u00a0 e se colocar a disposi\u00e7\u00e3o da Justi\u00e7a para contribuir com as investiga\u00e7\u00e3o de forma a esclarecer esse fato abomin\u00e1vel. O vereador ressaltou que tem total interesse em descobrir quem de fato utilizou o seu nome e espera que a Policia investigue com a avidez as amea\u00e7as feitas ao magistrado Valdecir Ramos de Souza, que possui conduta ilibada e mais de 20 anos de trabalhos prestados a sociedade de nosso munic\u00edpio.<\/span>\u00a0<br \/>\n\u00a0<\/p>\n<p align=\"center\"><span style=\"font-family: 'Times New Roman'; font-size: small;\">Departamento de Comunica\u00e7\u00e3o Social<\/span><\/p>\n<p align=\"center\"><span style=\"font-family: 'Times New Roman'; font-size: small;\">Poder Legislativo de Ji-Paran\u00e1<\/span><\/p>\n","protected":false},"excerpt":{"rendered":"<p>O Departamento de Comunica\u00e7\u00e3o Social da C\u00e2mara Municipal de Ji-Paran\u00e1, vem a p\u00fablico, esclarecer que o vereador Kl\u00e9cius Modesto (PSDC) afirmou na manh\u00e3 de hoje (19) que seu nome foi usado de forma maldosa e vil e que jamais teria tal comportamento de amea\u00e7ar qualquer ser humano.\u00a0 Klecius afirmou ainda que ir\u00e1 pessoalmente comparecer ao [&hellip;]<\/p>\n","protected":false},"author":2,"featured_media":0,"comment_status":"open","ping_status":"open","sticky":false,"template":"","format":"standard","meta":{"tdm_status":"","tdm_grid_status":"","footnotes":""},"categories":[22],"tags":[],"class_list":{"0":"post-1768","1":"post","2":"type-post","3":"status-publish","4":"format-standard","6":"category-brasil"},"_links":{"self":[{"href":"https:\/\/migracao.redenoticia.com.br\/noticia\/wp-json\/wp\/v2\/posts\/1768","targetHints":{"allow":["GET"]}}],"collection":[{"href":"https:\/\/migracao.redenoticia.com.br\/noticia\/wp-json\/wp\/v2\/posts"}],"about":[{"href":"https:\/\/migracao.redenoticia.com.br\/noticia\/wp-json\/wp\/v2\/types\/post"}],"author":[{"embeddable":true,"href":"https:\/\/migracao.redenoticia.com.br\/noticia\/wp-json\/wp\/v2\/users\/2"}],"replies":[{"embeddable":true,"href":"https:\/\/migracao.redenoticia.com.br\/noticia\/wp-json\/wp\/v2\/comments?post=1768"}],"version-history":[{"count":0,"href":"https:\/\/migracao.redenoticia.com.br\/noticia\/wp-json\/wp\/v2\/posts\/1768\/revisions"}],"wp:attachment":[{"href":"https:\/\/migracao.redenoticia.com.br\/noticia\/wp-json\/wp\/v2\/media?parent=1768"}],"wp:term":[{"taxonomy":"category","embeddable":true,"href":"https:\/\/migracao.redenoticia.com.br\/noticia\/wp-json\/wp\/v2\/categories?post=1768"},{"taxonomy":"post_tag","embeddable":true,"href":"https:\/\/migracao.redenoticia.com.br\/noticia\/wp-json\/wp\/v2\/tags?post=1768"}],"curies":[{"name":"wp","href":"https:\/\/api.w.org\/{rel}","templated":true}]}}