{"id":1769,"date":"2009-05-19T19:48:05","date_gmt":"2009-05-19T23:48:05","guid":{"rendered":"http:\/\/www.redenoticia.com.br\/noticia\/?p=1769"},"modified":"2009-05-19T19:48:05","modified_gmt":"2009-05-19T23:48:05","slug":"engenharia-ambiental-pode-mudar-de-ji-parana-para-porto-velho","status":"publish","type":"post","link":"https:\/\/migracao.redenoticia.com.br\/noticia\/2009\/engenharia-ambiental-pode-mudar-de-ji-parana-para-porto-velho\/1769","title":{"rendered":"Engenharia Ambiental pode mudar de Ji-Paran\u00e1 para Porto Velho"},"content":{"rendered":"<p class=\"MsoNormal\"><span style=\"font-family: Arial;\">O deputado estadual Jesualdo Pires (PSB de Ji-Paran\u00e1) e o deputado federal Anselmo de Jesus (PT) defenderam hoje (19) a perman\u00eancia do curso de Engenharia Ambiental da Universidade Federal de Rond\u00f4nia no campus da\u00a0 cidade de Ji-Paran\u00e1.<br \/>\n<\/span><\/p>\n<p class=\"MsoNormal\"><span style=\"font-family: Arial;\">Professores do Departamento de Engenharia Ambiental da Universidade reclamam de falta de estrutura e est\u00e3o se mobilizando para levar o Curso para a cidade de Porto Velho, onde seria criado um centro de engenharia.<\/span><\/p>\n<p class=\"MsoNormal\"><span style=\"font-family: Arial;\">Jesualdo e Anselmo mantiveram contato com o diretor da Institui\u00e7\u00e3o em Ji-Paran\u00e1, professor Gunther Brucha, a quem relataram a luta da sociedade ji-paranaense em trazer o curso para o Munic\u00edpio e se comprometeram a buscar maiores investimentos para o Campus, visando fortalecer a estrutura do curso. <\/span><\/p>\n<p class=\"MsoNormal\"><span style=\"font-family: Arial;\">\u201cN\u00e3o podemos admitir que essa mudan\u00e7a aconte\u00e7a. A instala\u00e7\u00e3o do curso de Engenharia Ambiental foi uma conquista de toda a sociedade de Ji-Paran\u00e1 e seria um contra-senso esta transfer\u00eancia para Capital, uma vez que j\u00e1 foram realizados v\u00e1rios investimentos nos laborat\u00f3rios e na constru\u00e7\u00e3o do pr\u00e9dio para abrigar as depend\u00eancias do curso\u201d, ressaltou Jesualdo.<\/span><\/p>\n<p class=\"MsoNormal\"><span style=\"font-family: Arial;\">De acordo com o deputado federal Anselmo, \u201co curso \u00e9 de grande import\u00e2ncia para toda a sociedade e \u00e9 preciso di\u00e1logo e bom senso diante dessa situa\u00e7\u00e3o\u201d. \u201cN\u00e3o podemos permitir que os alunos percam o direito conquistado de se graduar na profiss\u00e3o que escolheram, e que a comunidade jiparanaernse e regi\u00e3o percam essa conquista\u201d, disse Anselmo. <\/span><\/p>\n<p class=\"MsoNormal\"><span style=\"font-family: Arial;\">A transfer\u00eancia do curso para o Campus de Porto Velho j\u00e1 foi discutida e aprovada pelos professores do Departamento de Engenharia e dever\u00e1 ser apresentada a reitoria da Universidade na Capital. No entanto, conforme o diretor da Unir professor, Gunther Brucha, a proposta deve voltar a ser discutida pela dire\u00e7\u00e3o da Universidade.<\/span><\/p>\n","protected":false},"excerpt":{"rendered":"<p>O deputado estadual Jesualdo Pires (PSB de Ji-Paran\u00e1) e o deputado federal Anselmo de Jesus (PT) defenderam hoje (19) a perman\u00eancia do curso de Engenharia Ambiental da Universidade Federal de Rond\u00f4nia no campus da\u00a0 cidade de Ji-Paran\u00e1. Professores do Departamento de Engenharia Ambiental da Universidade reclamam de falta de estrutura e est\u00e3o se mobilizando para [&hellip;]<\/p>\n","protected":false},"author":3,"featured_media":0,"comment_status":"open","ping_status":"open","sticky":false,"template":"","format":"standard","meta":{"tdm_status":"","tdm_grid_status":"","footnotes":""},"categories":[22],"tags":[],"class_list":{"0":"post-1769","1":"post","2":"type-post","3":"status-publish","4":"format-standard","6":"category-brasil"},"_links":{"self":[{"href":"https:\/\/migracao.redenoticia.com.br\/noticia\/wp-json\/wp\/v2\/posts\/1769","targetHints":{"allow":["GET"]}}],"collection":[{"href":"https:\/\/migracao.redenoticia.com.br\/noticia\/wp-json\/wp\/v2\/posts"}],"about":[{"href":"https:\/\/migracao.redenoticia.com.br\/noticia\/wp-json\/wp\/v2\/types\/post"}],"author":[{"embeddable":true,"href":"https:\/\/migracao.redenoticia.com.br\/noticia\/wp-json\/wp\/v2\/users\/3"}],"replies":[{"embeddable":true,"href":"https:\/\/migracao.redenoticia.com.br\/noticia\/wp-json\/wp\/v2\/comments?post=1769"}],"version-history":[{"count":0,"href":"https:\/\/migracao.redenoticia.com.br\/noticia\/wp-json\/wp\/v2\/posts\/1769\/revisions"}],"wp:attachment":[{"href":"https:\/\/migracao.redenoticia.com.br\/noticia\/wp-json\/wp\/v2\/media?parent=1769"}],"wp:term":[{"taxonomy":"category","embeddable":true,"href":"https:\/\/migracao.redenoticia.com.br\/noticia\/wp-json\/wp\/v2\/categories?post=1769"},{"taxonomy":"post_tag","embeddable":true,"href":"https:\/\/migracao.redenoticia.com.br\/noticia\/wp-json\/wp\/v2\/tags?post=1769"}],"curies":[{"name":"wp","href":"https:\/\/api.w.org\/{rel}","templated":true}]}}