{"id":176900,"date":"2019-05-31T22:59:40","date_gmt":"2019-06-01T01:59:40","guid":{"rendered":"https:\/\/www.redenoticia.com.br\/noticia\/?p=176900"},"modified":"2019-05-31T23:19:48","modified_gmt":"2019-06-01T02:19:48","slug":"novela-verao-90-joao-confirma-a-morte-de-magaiver-e-fica-apavorado","status":"publish","type":"post","link":"https:\/\/migracao.redenoticia.com.br\/noticia\/2019\/novela-verao-90-joao-confirma-a-morte-de-magaiver-e-fica-apavorado\/176900","title":{"rendered":"Novela \u201cVer\u00e3o 90\u201d: Jo\u00e3o confirma a morte de Magaiver e fica apavorado"},"content":{"rendered":"<p><strong><em><img loading=\"lazy\" decoding=\"async\" class=\"aligncenter size-large wp-image-168048\" src=\"https:\/\/migracao.redenoticia.com.br\/noticia\/imagens\/verao-90-novela-globo-319x300.jpg\" alt=\"\" width=\"319\" height=\"300\" srcset=\"https:\/\/migracao.redenoticia.com.br\/noticia\/imagens\/verao-90-novela-globo-319x300.jpg 319w, https:\/\/migracao.redenoticia.com.br\/noticia\/imagens\/verao-90-novela-globo-199x187.jpg 199w, https:\/\/migracao.redenoticia.com.br\/noticia\/imagens\/verao-90-novela-globo-560x526.jpg 560w, https:\/\/migracao.redenoticia.com.br\/noticia\/imagens\/verao-90-novela-globo.jpg 597w\" sizes=\"auto, (max-width: 319px) 100vw, 319px\" \/><\/em><\/strong><\/p>\n<p><strong><em>Novela \u201cVer\u00e3o 90\u201d:<\/em><\/strong> Magaiver (Ricardo Vianna) gasta todo o dinheiro que recebeu de Mercedes (Totia Meireles) para dar o falso depoimento contra Jo\u00e3o (Rafael Vitti). O bandido resolve chantagear Jer\u00f4nimo (Jesu\u00edta Barbosa) e Mercedes para conseguir mais dinheiro e a vil\u00e3 manda Figueirinha (Lucas Domso) mat\u00e1-lo. Jer\u00f4nimo fica com medo de levar a culpa e procura Magaiver para alert\u00e1-lo. O bandido corre, sofre um acidente e morre. Jer\u00f4nimo foge do local.<\/p>\n<p>Moana (Giovana Cordeiro) conta para Jo\u00e3o sobre o acidente: &#8220;Gente, desculpa passar aqui assim, mas eu n\u00e3o queria falar por telefone&#8230; Eu tava l\u00e1 na emissora, quando chegou um rep\u00f3rter falando de um acidente de carro em Vargem Grande, com uma v\u00edtima fatal. O rep\u00f3rter achou umas fotos do cara que morreu, dentro do carro. Voc\u00eas n\u00e3o v\u00e3o acreditar&#8230; Olha isso! N\u00e3o \u00e9 o cara que mentiu sobre voc\u00ea no programa do Murilo?&#8221;<\/p>\n<p>Jo\u00e3o confirma, fica apavorado e conversa com Moana sobre a possibilidade de ter sido uma morte encomendada.<\/p>\n<p>Sinopse \u201cVer\u00e3o 90\u201d: O Rio de Janeiro da d\u00e9cada de 1990, a cultura efervescente da \u00e9poca, os acontecimentos sociais e pol\u00edticos, a m\u00fasica e a moda est\u00e3o presentes em \u2018Ver\u00e3o 90\u2019, uma com\u00e9dia rom\u00e2ntica, solar e musical, escrita por Izabel de Oliveira e Paula Amaral, com dire\u00e7\u00e3o art\u00edstica de Jorge Fernando.<\/p>\n","protected":false},"excerpt":{"rendered":"<p>Novela \u201cVer\u00e3o 90\u201d: Magaiver (Ricardo Vianna) gasta todo o dinheiro que recebeu de Mercedes (Totia Meireles) para dar o falso depoimento contra Jo\u00e3o (Rafael Vitti). O bandido resolve chantagear Jer\u00f4nimo (Jesu\u00edta Barbosa) e Mercedes para conseguir mais dinheiro e a vil\u00e3 manda Figueirinha (Lucas Domso) mat\u00e1-lo. Jer\u00f4nimo fica com medo de levar a culpa e [&hellip;]<\/p>\n","protected":false},"author":2,"featured_media":167197,"comment_status":"open","ping_status":"closed","sticky":false,"template":"","format":"standard","meta":{"tdm_status":"","tdm_grid_status":"","footnotes":""},"categories":[388,379,375,343,536],"tags":[440],"class_list":{"0":"post-176900","1":"post","2":"type-post","3":"status-publish","4":"format-standard","5":"has-post-thumbnail","7":"category-destaques","8":"category-novelas","9":"category-rede-globo","10":"category-televisao","11":"category-verao-90","12":"tag-noticia-novela"},"_links":{"self":[{"href":"https:\/\/migracao.redenoticia.com.br\/noticia\/wp-json\/wp\/v2\/posts\/176900","targetHints":{"allow":["GET"]}}],"collection":[{"href":"https:\/\/migracao.redenoticia.com.br\/noticia\/wp-json\/wp\/v2\/posts"}],"about":[{"href":"https:\/\/migracao.redenoticia.com.br\/noticia\/wp-json\/wp\/v2\/types\/post"}],"author":[{"embeddable":true,"href":"https:\/\/migracao.redenoticia.com.br\/noticia\/wp-json\/wp\/v2\/users\/2"}],"replies":[{"embeddable":true,"href":"https:\/\/migracao.redenoticia.com.br\/noticia\/wp-json\/wp\/v2\/comments?post=176900"}],"version-history":[{"count":0,"href":"https:\/\/migracao.redenoticia.com.br\/noticia\/wp-json\/wp\/v2\/posts\/176900\/revisions"}],"wp:featuredmedia":[{"embeddable":true,"href":"https:\/\/migracao.redenoticia.com.br\/noticia\/wp-json\/wp\/v2\/media\/167197"}],"wp:attachment":[{"href":"https:\/\/migracao.redenoticia.com.br\/noticia\/wp-json\/wp\/v2\/media?parent=176900"}],"wp:term":[{"taxonomy":"category","embeddable":true,"href":"https:\/\/migracao.redenoticia.com.br\/noticia\/wp-json\/wp\/v2\/categories?post=176900"},{"taxonomy":"post_tag","embeddable":true,"href":"https:\/\/migracao.redenoticia.com.br\/noticia\/wp-json\/wp\/v2\/tags?post=176900"}],"curies":[{"name":"wp","href":"https:\/\/api.w.org\/{rel}","templated":true}]}}