{"id":176988,"date":"2019-06-01T18:02:55","date_gmt":"2019-06-01T21:02:55","guid":{"rendered":"https:\/\/www.redenoticia.com.br\/noticia\/?p=176988"},"modified":"2019-06-01T18:03:01","modified_gmt":"2019-06-01T21:03:01","slug":"resumo-novela-a-que-nao-podia-amar-03-06-ana-paula-le-carta-de-sua-mae-para-frederico","status":"publish","type":"post","link":"https:\/\/migracao.redenoticia.com.br\/noticia\/2019\/resumo-novela-a-que-nao-podia-amar-03-06-ana-paula-le-carta-de-sua-mae-para-frederico\/176988","title":{"rendered":"Resumo novela \u201cA Que N\u00e3o Podia Amar\u201d 03\/06: Ana Paula l\u00ea carta de sua m\u00e3e para Frederico"},"content":{"rendered":"<p><strong><em><img loading=\"lazy\" decoding=\"async\" class=\"aligncenter size-large wp-image-173635\" src=\"https:\/\/migracao.redenoticia.com.br\/noticia\/imagens\/a-que-nao-podia-amar-400x271.jpg\" alt=\"\" width=\"400\" height=\"271\" srcset=\"https:\/\/migracao.redenoticia.com.br\/noticia\/imagens\/a-que-nao-podia-amar-400x271.jpg 400w, https:\/\/migracao.redenoticia.com.br\/noticia\/imagens\/a-que-nao-podia-amar-250x169.jpg 250w, https:\/\/migracao.redenoticia.com.br\/noticia\/imagens\/a-que-nao-podia-amar-560x379.jpg 560w, https:\/\/migracao.redenoticia.com.br\/noticia\/imagens\/a-que-nao-podia-amar.jpg 620w\" sizes=\"auto, (max-width: 400px) 100vw, 400px\" \/><\/em><\/strong><\/p>\n<p>Resumo da novela<strong><em> \u201cA Que N\u00e3o Podia Amar\u201d&nbsp;<\/em><\/strong> em 03\/06: no cap\u00edtulo 041(*) da novela, segunda-feira, 03 de junho, Vanessa chega em Boca do C\u00e9u e v\u00ea Ana Paula com Marquinho, ela liga para C\u00edntia. Por sua parte, Elias chega com boas not\u00edcias para Rog\u00e9rio, j\u00e1 que tem uma pista de onde poderia encontrar sua esposa. Rosaura se encontra com Frederico, e lhe entrega a carta escrita por sua irm\u00e3 Mariana, na qual lhe confessa que ele \u00e9 o pai de Ana Paula. Quando est\u00e3o juntas, Ana Paula diz a Rosaura que Rog\u00e9rio precisa pagar por ter mandado baterem em Gustavo, al\u00e9m disso a recrimina por n\u00e3o ter lhe contado que o rapaz estava vivo.<\/p>\n<p>Ana Paula recrimina sua tia Rosaura por ter escondido que Gustavo estava vivo e sua tia confessa que Frederico \u00e9 seu verdadeiro pai. Mercedes agradece a Rog\u00e9rio por sua hospitalidade na fazenda, este lhe responde que espera que Gustavo pense o mesmo quando viver ali, ela e C\u00edntia n\u00e3o entendem o coment\u00e1rio. Rog\u00e9rio repreende Elias uma vez mais, lhe assegura que a cada hora que passa \u00e9 uma oportunidade para que Ana Paula se afaste mais dele, e lhe adverte que se algo acontecer ele ser\u00e1 o culpado por sua incompet\u00eancia.<\/p>\n<p>Ana Paula l\u00ea a carta que sua m\u00e3e escreveu para Frederico e o abra\u00e7a. Gustavo vai na Fazenda do Forte, C\u00edntia o recebe muito carinhosa e fala que j\u00e1 disse ao seu irm\u00e3o que est\u00e1 muito interessada nele, este n\u00e3o sabe o que responder. C\u00edntia diz a Gustavo que Rog\u00e9rio quer que ele trabalhe na fazenda. Rog\u00e9rio oferece um trabalho para Gustavo na fazenda. Ele ainda o aconselha dizendo que quando se duvida do ser amado, a vida se torna um inferno. Por outro lado, Gustavo recrimina Mercedes por n\u00e3o ter esclarecido a Ana Paula que quem morreu foi seu pai e n\u00e3o ele, ela fica muito nervosa. Vanessa prop\u00f5e a David comprar os terrenos de Boca do C\u00e9u. Zombando, C\u00edntia diz ao seu irm\u00e3o que no povoado o apelidaram de abandonado, ele fica cheio de \u00f3dio.<\/p>\n<p>(*) edi\u00e7\u00e3o do SBT, Novela \u201cA Que N\u00e3o Podia Amar\u201d, sujeito a altera\u00e7\u00e3o de data e conte\u00fado.<\/p>\n<p>Destaques<\/p>\n<p>&#8220;A Que N\u00e3o Podia Amar&#8221;- Ana Paula, uma enfermeira humilde que se v\u00ea obrigada a trabalhar na casa de Rog\u00e9rio Montero (Jorge Salinas), um homem amargurado. Rog\u00e9rio sofre por ser parapl\u00e9gico e destrata todas as pessoas. Ana Paula atura tudo calada e o rica\u00e7o se apaixona por ela.<\/p>\n<p>Ana conhece Gustavo Duran (Jos\u00e9 Ron), um engenheiro nobre e trabalhador. Os dois se apaixonam, mas ter\u00e3o de enfrentar Rog\u00e9rio, j\u00e1 que ele tamb\u00e9m gosta da mocinha, formando assim, um tri\u00e2ngulo amoroso com terr\u00edveis consequ\u00eancias.<\/p>\n","protected":false},"excerpt":{"rendered":"<p>Resumo da novela \u201cA Que N\u00e3o Podia Amar\u201d&nbsp; em 03\/06: no cap\u00edtulo 041(*) da novela, segunda-feira, 03 de junho, Vanessa chega em Boca do C\u00e9u e v\u00ea Ana Paula com Marquinho, ela liga para C\u00edntia. Por sua parte, Elias chega com boas not\u00edcias para Rog\u00e9rio, j\u00e1 que tem uma pista de onde poderia encontrar sua [&hellip;]<\/p>\n","protected":false},"author":2,"featured_media":173627,"comment_status":"open","ping_status":"closed","sticky":false,"template":"","format":"standard","meta":{"tdm_status":"","tdm_grid_status":"","footnotes":""},"categories":[379,372,343],"tags":[441],"class_list":{"0":"post-176988","1":"post","2":"type-post","3":"status-publish","4":"format-standard","5":"has-post-thumbnail","7":"category-novelas","8":"category-sbt","9":"category-televisao","10":"tag-resumo-do-dia"},"_links":{"self":[{"href":"https:\/\/migracao.redenoticia.com.br\/noticia\/wp-json\/wp\/v2\/posts\/176988","targetHints":{"allow":["GET"]}}],"collection":[{"href":"https:\/\/migracao.redenoticia.com.br\/noticia\/wp-json\/wp\/v2\/posts"}],"about":[{"href":"https:\/\/migracao.redenoticia.com.br\/noticia\/wp-json\/wp\/v2\/types\/post"}],"author":[{"embeddable":true,"href":"https:\/\/migracao.redenoticia.com.br\/noticia\/wp-json\/wp\/v2\/users\/2"}],"replies":[{"embeddable":true,"href":"https:\/\/migracao.redenoticia.com.br\/noticia\/wp-json\/wp\/v2\/comments?post=176988"}],"version-history":[{"count":0,"href":"https:\/\/migracao.redenoticia.com.br\/noticia\/wp-json\/wp\/v2\/posts\/176988\/revisions"}],"wp:featuredmedia":[{"embeddable":true,"href":"https:\/\/migracao.redenoticia.com.br\/noticia\/wp-json\/wp\/v2\/media\/173627"}],"wp:attachment":[{"href":"https:\/\/migracao.redenoticia.com.br\/noticia\/wp-json\/wp\/v2\/media?parent=176988"}],"wp:term":[{"taxonomy":"category","embeddable":true,"href":"https:\/\/migracao.redenoticia.com.br\/noticia\/wp-json\/wp\/v2\/categories?post=176988"},{"taxonomy":"post_tag","embeddable":true,"href":"https:\/\/migracao.redenoticia.com.br\/noticia\/wp-json\/wp\/v2\/tags?post=176988"}],"curies":[{"name":"wp","href":"https:\/\/api.w.org\/{rel}","templated":true}]}}