{"id":176989,"date":"2019-06-01T17:54:41","date_gmt":"2019-06-01T20:54:41","guid":{"rendered":"https:\/\/www.redenoticia.com.br\/noticia\/?p=176989"},"modified":"2019-06-01T17:54:49","modified_gmt":"2019-06-01T20:54:49","slug":"resumo-novela-a-dona-03-06-rodrigo-procura-por-jose-miguel","status":"publish","type":"post","link":"https:\/\/migracao.redenoticia.com.br\/noticia\/2019\/resumo-novela-a-dona-03-06-rodrigo-procura-por-jose-miguel\/176989","title":{"rendered":"Resumo novela \u201cA Dona\u201d 03\/06: Rodrigo procura por Jos\u00e9 Miguel"},"content":{"rendered":"<p><img loading=\"lazy\" decoding=\"async\" class=\"aligncenter size-large wp-image-173633\" src=\"https:\/\/migracao.redenoticia.com.br\/noticia\/imagens\/a-dona-270x300.jpg\" alt=\"\" width=\"270\" height=\"300\" srcset=\"https:\/\/migracao.redenoticia.com.br\/noticia\/imagens\/a-dona-270x300.jpg 270w, https:\/\/migracao.redenoticia.com.br\/noticia\/imagens\/a-dona-168x187.jpg 168w, https:\/\/migracao.redenoticia.com.br\/noticia\/imagens\/a-dona.jpg 380w\" sizes=\"auto, (max-width: 270px) 100vw, 270px\" \/>Resumo da novela <strong><em>\u201cA Dona&#8221;<\/em><\/strong> em 03\/06: no cap\u00edtulo 046(*) da novela, segunda-feira, 03 de junho, Jos\u00e9 diz a Valentina que n\u00e3o a deixar\u00e1 por nenhuma outra mulher, nem por Ivana nem por nenhuma outra. Ao ver Cristina, Rodrigo volta a amea\u00e7\u00e1-la dizendo que se ela abrir a boca, descontar\u00e1 em sua filha, Maria da Luz. Rodrigo tenta confundir Valentina, dizendo que Jos\u00e9 Miguel est\u00e1 em busca de um casamento milion\u00e1rio para salvar sua fazenda. Furiosa, Ivana diz a Isabel que Jos\u00e9 Miguel pretende usar seu trabalho na constru\u00e7\u00e3o da escola para acabar de convencer Valentina que \u00e9 um homem apaixonado.<\/p>\n<p>Ivana diz a Isabel que n\u00e3o permitir\u00e1 que Valentina lhe tire Jos\u00e9 Miguel. Valentina chega contente a fazenda e Ernesto comenta com Benita sobre o bom humor da mo\u00e7a. Benita diz a Maria da Luz que enfim ela vai poder conhecer a verdadeira Valentina, boa e nobre. Sabino e Jo\u00e3o dizem a Jos\u00e9 Miguel que a vaca morta foi envenenada, e pensam que isso foi obra de Valentina. Jos\u00e9 assegura que Valentina nada teve a ver com isso. Valentina, feliz, diz a Benita que Jos\u00e9 Miguel e ela se amam. Ivana a escuta e, hist\u00e9rica, acusa a prima de roubar seu grande amor. Ela ainda diz a prima que torce para que Jos\u00e9 a abandone como fez Alonso.<\/p>\n<p>Ivana, fora de si, pede a Isabel que a ajude a reconquistar Jos\u00e9 Miguel, j\u00e1 que ele \u00e9 sua felicidade. Sandra, chorando, diz a Felipe que foi uma bobagem ele ter se oferecido a Hor\u00e1cio, que ela \u00e9 apenas uma garota de prov\u00edncia, enquanto Ivana \u00e9 uma mulher mais liberal e do mundo. Felipe a tranquiliza e diz que ela \u00e9 muito linda. Valentina justifica para Benita a atitude de Ivana. Benita diz que tanto ela quanto Isabel atendem todos os caprichos de Ivana, e as consequ\u00eancias disso moldaram a personalidade da mo\u00e7a. Jos\u00e9 Miguel diz a sua m\u00e3e que n\u00e3o siga mantendo esperan\u00e7as quanto a uma poss\u00edvel rela\u00e7\u00e3o entre ele e Ivana, pois ela jamais a corresponder\u00e1.<\/p>\n<p>Furiosa, Ivana diz a Rodrigo que Jos\u00e9 Miguel j\u00e1 conquistou Valentina, e que ele dever\u00e1 fazer alguma coisa. Ela n\u00e3o entende o motivo de ele seguir de bra\u00e7os cruzados. Rodrigo, furioso, adverte que nenhuma mulher o amea\u00e7a. Ivana diz sentir vontade de acabar com Valentina, e Rodrigo completa que se ela tocar na dona, ele mesmo a mata. Rodrigo chega a fazenda Montesinos procurando Jos\u00e9 Miguel. Frederico adverte que se ele colocar um dedo em seu filho, morrer\u00e1 em seguida, pois ele mesmo o matar\u00e1.<\/p>\n<p>(*) edi\u00e7\u00e3o do SBT, Novela \u201cA Dona\u201d, sujeito a altera\u00e7\u00e3o de data e conte\u00fado.<\/p>\n<p>Destaques<\/p>\n<p>&#8220;A Dona&#8221; &#8211; Valentina Vila\u00e7a (Lucero) \u00e9 uma mulher que tem uma grande fortuna, que seus pais deixaram para ela quando morreram em um acidente de carro. Ela tem uma mans\u00e3o na Cidade do M\u00e9xico, onde vive com sua tia Isabel Rangel de Dorantes (Silvia Pinal), e sua prima Ivana Dorantes Rangel (Gabriela Spanic) que trata Valentina com muita indiferen\u00e7a e sente inveja dela.<\/p>\n<p>Tudo muda para Valentina quando seu noivo Alonso Penalva (David Zepeda), tramando com Ivana no dia de seu casamento, a deixa esperando no altar. A partir da\u00ed, Valentina se torna uma mulher amarga, e vai para sua fazenda, no interior. Chegando l\u00e1, ela conhece seu vizinho Jos\u00e9 Miguel Montesinos (Fernando Colunga).<\/p>\n","protected":false},"excerpt":{"rendered":"<p>Resumo da novela \u201cA Dona&#8221; em 03\/06: no cap\u00edtulo 046(*) da novela, segunda-feira, 03 de junho, Jos\u00e9 diz a Valentina que n\u00e3o a deixar\u00e1 por nenhuma outra mulher, nem por Ivana nem por nenhuma outra. Ao ver Cristina, Rodrigo volta a amea\u00e7\u00e1-la dizendo que se ela abrir a boca, descontar\u00e1 em sua filha, Maria da [&hellip;]<\/p>\n","protected":false},"author":2,"featured_media":173626,"comment_status":"open","ping_status":"closed","sticky":false,"template":"","format":"standard","meta":{"tdm_status":"","tdm_grid_status":"","footnotes":""},"categories":[379,372,343],"tags":[441],"class_list":{"0":"post-176989","1":"post","2":"type-post","3":"status-publish","4":"format-standard","5":"has-post-thumbnail","7":"category-novelas","8":"category-sbt","9":"category-televisao","10":"tag-resumo-do-dia"},"_links":{"self":[{"href":"https:\/\/migracao.redenoticia.com.br\/noticia\/wp-json\/wp\/v2\/posts\/176989","targetHints":{"allow":["GET"]}}],"collection":[{"href":"https:\/\/migracao.redenoticia.com.br\/noticia\/wp-json\/wp\/v2\/posts"}],"about":[{"href":"https:\/\/migracao.redenoticia.com.br\/noticia\/wp-json\/wp\/v2\/types\/post"}],"author":[{"embeddable":true,"href":"https:\/\/migracao.redenoticia.com.br\/noticia\/wp-json\/wp\/v2\/users\/2"}],"replies":[{"embeddable":true,"href":"https:\/\/migracao.redenoticia.com.br\/noticia\/wp-json\/wp\/v2\/comments?post=176989"}],"version-history":[{"count":0,"href":"https:\/\/migracao.redenoticia.com.br\/noticia\/wp-json\/wp\/v2\/posts\/176989\/revisions"}],"wp:featuredmedia":[{"embeddable":true,"href":"https:\/\/migracao.redenoticia.com.br\/noticia\/wp-json\/wp\/v2\/media\/173626"}],"wp:attachment":[{"href":"https:\/\/migracao.redenoticia.com.br\/noticia\/wp-json\/wp\/v2\/media?parent=176989"}],"wp:term":[{"taxonomy":"category","embeddable":true,"href":"https:\/\/migracao.redenoticia.com.br\/noticia\/wp-json\/wp\/v2\/categories?post=176989"},{"taxonomy":"post_tag","embeddable":true,"href":"https:\/\/migracao.redenoticia.com.br\/noticia\/wp-json\/wp\/v2\/tags?post=176989"}],"curies":[{"name":"wp","href":"https:\/\/api.w.org\/{rel}","templated":true}]}}