{"id":177063,"date":"2019-06-12T22:59:23","date_gmt":"2019-06-13T01:59:23","guid":{"rendered":"https:\/\/www.redenoticia.com.br\/noticia\/?p=177063"},"modified":"2019-06-15T23:14:23","modified_gmt":"2019-06-16T02:14:23","slug":"novela-a-dona-do-pedaco-rock-leva-fabiana-para-motel","status":"publish","type":"post","link":"https:\/\/migracao.redenoticia.com.br\/noticia\/2019\/novela-a-dona-do-pedaco-rock-leva-fabiana-para-motel\/177063","title":{"rendered":"Novela \u201cA Dona do Peda\u00e7o\u201d: Rock seduz Fabiana e comemora"},"content":{"rendered":"<p><strong><em><img loading=\"lazy\" decoding=\"async\" class=\"aligncenter size-large wp-image-175348\" src=\"https:\/\/migracao.redenoticia.com.br\/noticia\/imagens\/A-Dona-do-Pedaco-globo-resumo-314x300.jpg\" alt=\"\" width=\"314\" height=\"300\" srcset=\"https:\/\/migracao.redenoticia.com.br\/noticia\/imagens\/A-Dona-do-Pedaco-globo-resumo-314x300.jpg 314w, https:\/\/migracao.redenoticia.com.br\/noticia\/imagens\/A-Dona-do-Pedaco-globo-resumo-196x187.jpg 196w, https:\/\/migracao.redenoticia.com.br\/noticia\/imagens\/A-Dona-do-Pedaco-globo-resumo.jpg 457w\" sizes=\"auto, (max-width: 314px) 100vw, 314px\" \/><\/em><\/strong><\/p>\n<p><strong><em>Novela &#8220;A Dona do Peda\u00e7o\u201d:<\/em><\/strong> Fabiana (Nathalia Dill) se aproxima de Vivi (Paolla Oliveira), sem revelar que \u00e9 sua irm\u00e3. Vivi a contrata como assistente, Fabiana se encanta por Rock (Caio Castro) e ele a leva para um motel barato: &#8220;Inacredit\u00e1vel. Virgem. C\u00ea \u00e9 virgem. \u00c9 a primeira virgem da minha vida. U-l\u00e1-l\u00e1. Virgem, virgem&#8230;Eu peguei a \u00fanica, a \u00faltima virgem neste mundo&#8230; Gata, quando c\u00ea ia falar comigo na academia, n\u00e3o tinha cara de rom\u00e2ntica. Tava me degustando s\u00f3 de olhar&#8221;.<\/p>\n<p>Fabiana concorda: &#8220;N\u00e3o nego que voc\u00ea \u00e9 atraente. Mas tamb\u00e9m&#8230; Nunca conheci muitos homens, nem estou acostumada a ver homens de peito de fora, s\u00f3 de shorts&#8230; Eu j\u00e1 tinha falado que fui criada em convento. Fui deixada l\u00e1 quando menina, as freiras me educaram. N\u00e3o tive chance de namorar, muito menos de&#8230; Disso a\u00ed &#8230; A primeira vez assusta &#8230; Estou espantada comigo mesma por ter cedido com tanta facilidade&#8230;&#8221;.<\/p>\n<p>Rock promete: &#8220;Mas o gat\u00e3o aqui mereceu, n\u00e3o mereceu? Vou ter que te ensinar a beijar e outras coisas. Ser extraterrestre, eu sou capaz de me apaixonar por voc\u00ea. Pelo menos, sinto que tenho uma responsabilidade&#8221;. Cena prevista para dia 15 na novela \u201cA Dona do Peda\u00e7o\u201d.<\/p>\n<p>Sinopse \u201cA Dona do Peda\u00e7o\u201d: a novela enaltece a trajet\u00f3ria de Maria da Paz (Juliana Paes), uma jovem humilde, da cidade fict\u00edcia de Rio Vermelho, no Esp\u00edrito Santo. Maria vem de uma fam\u00edlia de justiceiros profissionais, os Ramirez, e se apaixona justamente por Amadeu (Marcos Palmeira), advogado formado em Vit\u00f3ria e membro do cl\u00e3 rival nos neg\u00f3cios, os Matheus. A trama, dividida em um pr\u00f3logo e duas fases, traz uma hist\u00f3ria de amor com elementos \u00e0 Romeu e Julieta, sem perder o humor, que permeia todo o folhetim.<\/p>\n","protected":false},"excerpt":{"rendered":"<p>Novela &#8220;A Dona do Peda\u00e7o\u201d: Fabiana (Nathalia Dill) se aproxima de Vivi (Paolla Oliveira), sem revelar que \u00e9 sua irm\u00e3. Vivi a contrata como assistente, Fabiana se encanta por Rock (Caio Castro) e ele a leva para um motel barato: &#8220;Inacredit\u00e1vel. Virgem. C\u00ea \u00e9 virgem. \u00c9 a primeira virgem da minha vida. U-l\u00e1-l\u00e1. Virgem, virgem&#8230;Eu [&hellip;]<\/p>\n","protected":false},"author":2,"featured_media":177402,"comment_status":"open","ping_status":"closed","sticky":false,"template":"","format":"standard","meta":{"tdm_status":"","tdm_grid_status":"","footnotes":""},"categories":[543,388,379,375,343],"tags":[440],"class_list":{"0":"post-177063","1":"post","2":"type-post","3":"status-publish","4":"format-standard","5":"has-post-thumbnail","7":"category-a-dona-do-pedaco","8":"category-destaques","9":"category-novelas","10":"category-rede-globo","11":"category-televisao","12":"tag-noticia-novela"},"_links":{"self":[{"href":"https:\/\/migracao.redenoticia.com.br\/noticia\/wp-json\/wp\/v2\/posts\/177063","targetHints":{"allow":["GET"]}}],"collection":[{"href":"https:\/\/migracao.redenoticia.com.br\/noticia\/wp-json\/wp\/v2\/posts"}],"about":[{"href":"https:\/\/migracao.redenoticia.com.br\/noticia\/wp-json\/wp\/v2\/types\/post"}],"author":[{"embeddable":true,"href":"https:\/\/migracao.redenoticia.com.br\/noticia\/wp-json\/wp\/v2\/users\/2"}],"replies":[{"embeddable":true,"href":"https:\/\/migracao.redenoticia.com.br\/noticia\/wp-json\/wp\/v2\/comments?post=177063"}],"version-history":[{"count":0,"href":"https:\/\/migracao.redenoticia.com.br\/noticia\/wp-json\/wp\/v2\/posts\/177063\/revisions"}],"wp:featuredmedia":[{"embeddable":true,"href":"https:\/\/migracao.redenoticia.com.br\/noticia\/wp-json\/wp\/v2\/media\/177402"}],"wp:attachment":[{"href":"https:\/\/migracao.redenoticia.com.br\/noticia\/wp-json\/wp\/v2\/media?parent=177063"}],"wp:term":[{"taxonomy":"category","embeddable":true,"href":"https:\/\/migracao.redenoticia.com.br\/noticia\/wp-json\/wp\/v2\/categories?post=177063"},{"taxonomy":"post_tag","embeddable":true,"href":"https:\/\/migracao.redenoticia.com.br\/noticia\/wp-json\/wp\/v2\/tags?post=177063"}],"curies":[{"name":"wp","href":"https:\/\/api.w.org\/{rel}","templated":true}]}}