{"id":177098,"date":"2019-06-04T14:52:41","date_gmt":"2019-06-04T17:52:41","guid":{"rendered":"https:\/\/www.redenoticia.com.br\/noticia\/?p=177098"},"modified":"2019-06-04T14:52:48","modified_gmt":"2019-06-04T17:52:48","slug":"resumo-novela-as-aventuras-de-poliana-05-06-roger-vai-a-casa-de-gleyce","status":"publish","type":"post","link":"https:\/\/migracao.redenoticia.com.br\/noticia\/2019\/resumo-novela-as-aventuras-de-poliana-05-06-roger-vai-a-casa-de-gleyce\/177098","title":{"rendered":"Resumo novela \u201cAs Aventuras de Poliana\u201d 05\/06: Roger vai a casa de Gleyce"},"content":{"rendered":"<p><strong><em><img loading=\"lazy\" decoding=\"async\" class=\"aligncenter size-large wp-image-148662\" src=\"https:\/\/migracao.redenoticia.com.br\/noticia\/imagens\/as-aventuras-de-poliana-novela-400x267.jpg\" alt=\"\" width=\"400\" height=\"267\" srcset=\"https:\/\/migracao.redenoticia.com.br\/noticia\/imagens\/as-aventuras-de-poliana-novela-400x267.jpg 400w, https:\/\/migracao.redenoticia.com.br\/noticia\/imagens\/as-aventuras-de-poliana-novela-250x167.jpg 250w, https:\/\/migracao.redenoticia.com.br\/noticia\/imagens\/as-aventuras-de-poliana-novela-150x100.jpg 150w, https:\/\/migracao.redenoticia.com.br\/noticia\/imagens\/as-aventuras-de-poliana-novela.jpg 600w\" sizes=\"auto, (max-width: 400px) 100vw, 400px\" \/>Resumo novela \u201cAs Aventuras de Poliana\u201d 05\/06 <\/em><\/strong>: no cap\u00edtulo 276(*) da novela, resumo de quarta-feira, 05 de junho, Nadine e Afonso perguntam se Lu\u00edsa e Marcelo est\u00e3o juntos. Guilherme diz \u00e0 m\u00e3e que est\u00e1 cada vez mais preocupado com a av\u00f3. Poliana desabafa com Ant\u00f4nio sobre seu desentendimento com Jo\u00e3o. Claudia e Durval fazem as pazes e retomam o namoro. D\u00e9bora e Salvador v\u00e3o jantar no mesmo restaurante que Lu\u00edsa e Marcelo e se sentam. Roger vai at\u00e9 a casa de Gleyce em busca de informa\u00e7\u00f5es sobre Ciro e faz uma oferta. Lorena faz as pazes com seus amigos. Nancy troca mensagens com Walter Elias.<\/p>\n<p>No restaurante, Nadine e Afonso se unem \u00e0 mesa dos casais, e Marcelo faz uma revela\u00e7\u00e3o. Ruth e Bento est\u00e3o cada vez mais pr\u00f3ximos. As fotos de Kessya como Garota Fios Maravilha \u00e9 divulgada. Roger insinua para Marcelo que Jo\u00e3o esteja envolvido no assalto de Filipa. Waldisney vai \u00e0 casa de Ciro em busca das fotos, mas \u00e9 surpreendido por Jeff.<\/p>\n<p>(*) edi\u00e7\u00e3o do SBT, Novela \u201cAs Aventuras de Poliana\u201d, sujeito a altera\u00e7\u00e3o de data e conte\u00fado.<\/p>\n<p>Poliana \u00e9 uma menina extrovertida e de bom cora\u00e7\u00e3o que viajava o Brasil com seus pais, Lorenzo e Alice, no grupo circense Trupe Vagalume. Aos onze anos a garota v\u00ea seu mundo desabar quando seus pais falecem e ela tem que ir morar em S\u00e3o Paulo com sua tia Lu\u00edsa, uma mulher rica e severa, a qual ela n\u00e3o conhecia e que n\u00e3o queria cuidar dela, embora sinta que \u00e9 sua obriga\u00e7\u00e3o pela alma de sua irm\u00e3. Apesar do jeito da rigidez da tia, Poliana decide ter uma vis\u00e3o positiva e inabal\u00e1vel da vida, mesmo nos momentos de dificuldade, tentando levar um pouco de felicidade para a vida de cada um dos seus novos amigos e vizinhos, como o Sr. Pendleton, um homem rico e infeliz por nunca ter tido filhos. Ela vai estudar no col\u00e9gio de Ruth, uma diretora de bom cora\u00e7\u00e3o que a ajuda a se adaptar, mas tem que lidar com as vilanias de Mirela, garota mais velha que n\u00e3o aceita perder a popularidade para uma novata.<\/p>\n","protected":false},"excerpt":{"rendered":"<p>Resumo novela \u201cAs Aventuras de Poliana\u201d 05\/06 : no cap\u00edtulo 276(*) da novela, resumo de quarta-feira, 05 de junho, Nadine e Afonso perguntam se Lu\u00edsa e Marcelo est\u00e3o juntos. Guilherme diz \u00e0 m\u00e3e que est\u00e1 cada vez mais preocupado com a av\u00f3. Poliana desabafa com Ant\u00f4nio sobre seu desentendimento com Jo\u00e3o. Claudia e Durval fazem [&hellip;]<\/p>\n","protected":false},"author":4,"featured_media":148663,"comment_status":"open","ping_status":"closed","sticky":false,"template":"","format":"standard","meta":{"tdm_status":"","tdm_grid_status":"","footnotes":""},"categories":[477,379,372,343],"tags":[441],"class_list":{"0":"post-177098","1":"post","2":"type-post","3":"status-publish","4":"format-standard","5":"has-post-thumbnail","7":"category-as-aventuras-de-poliana","8":"category-novelas","9":"category-sbt","10":"category-televisao","11":"tag-resumo-do-dia"},"_links":{"self":[{"href":"https:\/\/migracao.redenoticia.com.br\/noticia\/wp-json\/wp\/v2\/posts\/177098","targetHints":{"allow":["GET"]}}],"collection":[{"href":"https:\/\/migracao.redenoticia.com.br\/noticia\/wp-json\/wp\/v2\/posts"}],"about":[{"href":"https:\/\/migracao.redenoticia.com.br\/noticia\/wp-json\/wp\/v2\/types\/post"}],"author":[{"embeddable":true,"href":"https:\/\/migracao.redenoticia.com.br\/noticia\/wp-json\/wp\/v2\/users\/4"}],"replies":[{"embeddable":true,"href":"https:\/\/migracao.redenoticia.com.br\/noticia\/wp-json\/wp\/v2\/comments?post=177098"}],"version-history":[{"count":0,"href":"https:\/\/migracao.redenoticia.com.br\/noticia\/wp-json\/wp\/v2\/posts\/177098\/revisions"}],"wp:featuredmedia":[{"embeddable":true,"href":"https:\/\/migracao.redenoticia.com.br\/noticia\/wp-json\/wp\/v2\/media\/148663"}],"wp:attachment":[{"href":"https:\/\/migracao.redenoticia.com.br\/noticia\/wp-json\/wp\/v2\/media?parent=177098"}],"wp:term":[{"taxonomy":"category","embeddable":true,"href":"https:\/\/migracao.redenoticia.com.br\/noticia\/wp-json\/wp\/v2\/categories?post=177098"},{"taxonomy":"post_tag","embeddable":true,"href":"https:\/\/migracao.redenoticia.com.br\/noticia\/wp-json\/wp\/v2\/tags?post=177098"}],"curies":[{"name":"wp","href":"https:\/\/api.w.org\/{rel}","templated":true}]}}