{"id":1772,"date":"2009-05-19T19:59:17","date_gmt":"2009-05-19T23:59:17","guid":{"rendered":"http:\/\/www.redenoticia.com.br\/noticia\/?p=1772"},"modified":"2009-05-19T19:59:17","modified_gmt":"2009-05-19T23:59:17","slug":"ji-parana-podera-ajudar-desabrigados","status":"publish","type":"post","link":"https:\/\/migracao.redenoticia.com.br\/noticia\/2009\/ji-parana-podera-ajudar-desabrigados\/1772","title":{"rendered":"Ji-Paran\u00e1 poder\u00e1 ajudar desabrigados"},"content":{"rendered":"<p><span style=\"font-family: Arial;\">O Juiz de Pequenas Causas, Jo\u00e3o Val\u00e9rio Silva Neto, far\u00e1 hoje (20) \u00e0s 8 horas, no F\u00f3rum Desembargador Hugo Auller, em Ji-Paran\u00e1, a abertura da campanha de arrecada\u00e7\u00e3o de alimentos n\u00e3o perec\u00edveis e roupas, para os desabrigados das cheias do Norte\/Nordeste do pa\u00eds. <\/span><\/p>\n<p class=\"MsoNormal\"><span style=\"font-family: Arial;\">A campanha acontecer\u00e1 em parceria com a Prefeitura Municipal de Ji-Paran\u00e1 e imprensa local.<\/span><\/p>\n<p class=\"MsoNormal\"><span style=\"font-family: Arial;\">Durante a campanha ser\u00e3o divulgados os postos de arrecada\u00e7\u00e3o.<br \/>\n<\/span><\/p>\n","protected":false},"excerpt":{"rendered":"<p>O Juiz de Pequenas Causas, Jo\u00e3o Val\u00e9rio Silva Neto, far\u00e1 hoje (20) \u00e0s 8 horas, no F\u00f3rum Desembargador Hugo Auller, em Ji-Paran\u00e1, a abertura da campanha de arrecada\u00e7\u00e3o de alimentos n\u00e3o perec\u00edveis e roupas, para os desabrigados das cheias do Norte\/Nordeste do pa\u00eds. A campanha acontecer\u00e1 em parceria com a Prefeitura Municipal de Ji-Paran\u00e1 e [&hellip;]<\/p>\n","protected":false},"author":3,"featured_media":0,"comment_status":"open","ping_status":"open","sticky":false,"template":"","format":"standard","meta":{"tdm_status":"","tdm_grid_status":"","footnotes":""},"categories":[22],"tags":[],"class_list":{"0":"post-1772","1":"post","2":"type-post","3":"status-publish","4":"format-standard","6":"category-brasil"},"_links":{"self":[{"href":"https:\/\/migracao.redenoticia.com.br\/noticia\/wp-json\/wp\/v2\/posts\/1772","targetHints":{"allow":["GET"]}}],"collection":[{"href":"https:\/\/migracao.redenoticia.com.br\/noticia\/wp-json\/wp\/v2\/posts"}],"about":[{"href":"https:\/\/migracao.redenoticia.com.br\/noticia\/wp-json\/wp\/v2\/types\/post"}],"author":[{"embeddable":true,"href":"https:\/\/migracao.redenoticia.com.br\/noticia\/wp-json\/wp\/v2\/users\/3"}],"replies":[{"embeddable":true,"href":"https:\/\/migracao.redenoticia.com.br\/noticia\/wp-json\/wp\/v2\/comments?post=1772"}],"version-history":[{"count":0,"href":"https:\/\/migracao.redenoticia.com.br\/noticia\/wp-json\/wp\/v2\/posts\/1772\/revisions"}],"wp:attachment":[{"href":"https:\/\/migracao.redenoticia.com.br\/noticia\/wp-json\/wp\/v2\/media?parent=1772"}],"wp:term":[{"taxonomy":"category","embeddable":true,"href":"https:\/\/migracao.redenoticia.com.br\/noticia\/wp-json\/wp\/v2\/categories?post=1772"},{"taxonomy":"post_tag","embeddable":true,"href":"https:\/\/migracao.redenoticia.com.br\/noticia\/wp-json\/wp\/v2\/tags?post=1772"}],"curies":[{"name":"wp","href":"https:\/\/api.w.org\/{rel}","templated":true}]}}