{"id":177297,"date":"2019-06-07T20:15:52","date_gmt":"2019-06-07T23:15:52","guid":{"rendered":"https:\/\/www.redenoticia.com.br\/noticia\/?p=177297"},"modified":"2019-06-07T20:16:01","modified_gmt":"2019-06-07T23:16:01","slug":"resumo-novela-a-dona-10-06-jose-miguel-pede-valentina-em-casamento","status":"publish","type":"post","link":"https:\/\/migracao.redenoticia.com.br\/noticia\/2019\/resumo-novela-a-dona-10-06-jose-miguel-pede-valentina-em-casamento\/177297","title":{"rendered":"Resumo novela \u201cA Dona\u201d 10\/06: Jos\u00e9 Miguel pede Valentina em casamento"},"content":{"rendered":"<p><img loading=\"lazy\" decoding=\"async\" class=\"aligncenter size-large wp-image-173633\" src=\"https:\/\/migracao.redenoticia.com.br\/noticia\/imagens\/a-dona-270x300.jpg\" alt=\"\" width=\"270\" height=\"300\" srcset=\"https:\/\/migracao.redenoticia.com.br\/noticia\/imagens\/a-dona-270x300.jpg 270w, https:\/\/migracao.redenoticia.com.br\/noticia\/imagens\/a-dona-168x187.jpg 168w, https:\/\/migracao.redenoticia.com.br\/noticia\/imagens\/a-dona.jpg 380w\" sizes=\"auto, (max-width: 270px) 100vw, 270px\" \/>Resumo da novela <strong><em>\u201cA Dona&#8221;<\/em><\/strong> em 10\/06: no cap\u00edtulo 051(*) da novela, segunda-feira, 10 de junho, Valentina diz a Ivana que ela pode ir correndo avisar Jos\u00e9 Miguel que Alonso a escreveu, mas antes a adverte que nada nem ningu\u00e9m ser\u00e1 capaz de separ\u00e1-los. Gabriela intrigada pergunta a Valentina porque ela disse isso. Valentina responde que Ivana est\u00e1 apaixonada por Jos\u00e9 Miguel. Gabriela diz que n\u00e3o \u00e9 novidade nenhuma para ela, pois Ivana sempre invejou tudo que a prima tem. Amparo diz a Felipe que Rodrigo era o pai do filho que Cristina perdeu, que eles viviam juntos e que Rodrigo a deixou, pois se apaixonou por Valentina e no povoado todos dizem que s\u00e3o amantes.<\/p>\n<p>Felipe responde que isso \u00e9 uma grande mentira. Jos\u00e9 Miguel e Leonor discutem por causa de Valentina e Leonor diz que a namorada de seu filho \u00e9 uma mulher caprichosa, acostumada a que todos fa\u00e7am a sua vontade. Ele responde que s\u00f3 Valentina \u00e9 capaz de mexer com seu cora\u00e7\u00e3o. Jos\u00e9 Miguel diz a Valentina que sabe que Leonor foi v\u00ea-la e pede para saber o assunto que trataram, Valentina responde que Leonor a pediu para se afastar definitivamente dele, e tamb\u00e9m ofereceu a venda de parte de suas terras em troca desse favor.<\/p>\n<p>Jos\u00e9 Miguel diz que tem que terminar de vez com as intromiss\u00f5es de Leonor e pede Valentina em casamento. Ela, chorando, responde que tem muito medo de que ocorra outra vez o epis\u00f3dio com Alonso. Jos\u00e9 Miguel ent\u00e3o garante que seu amor por ela \u00e9 mais forte que tudo e que nunca ir\u00e1 feri-la. Valentina aceita o pedido. Jos\u00e9 Miguel e Valentina se apresentam ao Padre Ventura para informar-lhe que querem se casar o mais r\u00e1pido poss\u00edvel. O Padre responde que pode cas\u00e1-los em um m\u00eas. Valentina anuncia a Isabel, Ivana e Benita o seu casamento com Jos\u00e9 Miguel.<\/p>\n<p>(*) edi\u00e7\u00e3o do SBT, Novela \u201cA Dona\u201d, sujeito a altera\u00e7\u00e3o de data e conte\u00fado.<\/p>\n<p>Destaques<\/p>\n<p>&#8220;A Dona&#8221; &#8211; Valentina Vila\u00e7a (Lucero) \u00e9 uma mulher que tem uma grande fortuna, que seus pais deixaram para ela quando morreram em um acidente de carro. Ela tem uma mans\u00e3o na Cidade do M\u00e9xico, onde vive com sua tia Isabel Rangel de Dorantes (Silvia Pinal), e sua prima Ivana Dorantes Rangel (Gabriela Spanic) que trata Valentina com muita indiferen\u00e7a e sente inveja dela.<\/p>\n<p>Tudo muda para Valentina quando seu noivo Alonso Penalva (David Zepeda), tramando com Ivana no dia de seu casamento, a deixa esperando no altar. A partir da\u00ed, Valentina se torna uma mulher amarga, e vai para sua fazenda, no interior. Chegando l\u00e1, ela conhece seu vizinho Jos\u00e9 Miguel Montesinos (Fernando Colunga).<\/p>\n","protected":false},"excerpt":{"rendered":"<p>Resumo da novela \u201cA Dona&#8221; em 10\/06: no cap\u00edtulo 051(*) da novela, segunda-feira, 10 de junho, Valentina diz a Ivana que ela pode ir correndo avisar Jos\u00e9 Miguel que Alonso a escreveu, mas antes a adverte que nada nem ningu\u00e9m ser\u00e1 capaz de separ\u00e1-los. Gabriela intrigada pergunta a Valentina porque ela disse isso. Valentina responde [&hellip;]<\/p>\n","protected":false},"author":2,"featured_media":173626,"comment_status":"open","ping_status":"closed","sticky":false,"template":"","format":"standard","meta":{"tdm_status":"","tdm_grid_status":"","footnotes":""},"categories":[379,372,343],"tags":[441],"class_list":{"0":"post-177297","1":"post","2":"type-post","3":"status-publish","4":"format-standard","5":"has-post-thumbnail","7":"category-novelas","8":"category-sbt","9":"category-televisao","10":"tag-resumo-do-dia"},"_links":{"self":[{"href":"https:\/\/migracao.redenoticia.com.br\/noticia\/wp-json\/wp\/v2\/posts\/177297","targetHints":{"allow":["GET"]}}],"collection":[{"href":"https:\/\/migracao.redenoticia.com.br\/noticia\/wp-json\/wp\/v2\/posts"}],"about":[{"href":"https:\/\/migracao.redenoticia.com.br\/noticia\/wp-json\/wp\/v2\/types\/post"}],"author":[{"embeddable":true,"href":"https:\/\/migracao.redenoticia.com.br\/noticia\/wp-json\/wp\/v2\/users\/2"}],"replies":[{"embeddable":true,"href":"https:\/\/migracao.redenoticia.com.br\/noticia\/wp-json\/wp\/v2\/comments?post=177297"}],"version-history":[{"count":0,"href":"https:\/\/migracao.redenoticia.com.br\/noticia\/wp-json\/wp\/v2\/posts\/177297\/revisions"}],"wp:featuredmedia":[{"embeddable":true,"href":"https:\/\/migracao.redenoticia.com.br\/noticia\/wp-json\/wp\/v2\/media\/173626"}],"wp:attachment":[{"href":"https:\/\/migracao.redenoticia.com.br\/noticia\/wp-json\/wp\/v2\/media?parent=177297"}],"wp:term":[{"taxonomy":"category","embeddable":true,"href":"https:\/\/migracao.redenoticia.com.br\/noticia\/wp-json\/wp\/v2\/categories?post=177297"},{"taxonomy":"post_tag","embeddable":true,"href":"https:\/\/migracao.redenoticia.com.br\/noticia\/wp-json\/wp\/v2\/tags?post=177297"}],"curies":[{"name":"wp","href":"https:\/\/api.w.org\/{rel}","templated":true}]}}