{"id":177301,"date":"2019-06-07T20:19:08","date_gmt":"2019-06-07T23:19:08","guid":{"rendered":"https:\/\/www.redenoticia.com.br\/noticia\/?p=177301"},"modified":"2019-06-07T20:19:14","modified_gmt":"2019-06-07T23:19:14","slug":"resumo-novela-as-aventuras-de-poliana-10-06-filipa-desmente-bento","status":"publish","type":"post","link":"https:\/\/migracao.redenoticia.com.br\/noticia\/2019\/resumo-novela-as-aventuras-de-poliana-10-06-filipa-desmente-bento\/177301","title":{"rendered":"Resumo novela \u201cAs Aventuras de Poliana\u201d 10\/06: Filipa desmente Bento"},"content":{"rendered":"<p><strong><em><img loading=\"lazy\" decoding=\"async\" class=\"aligncenter size-large wp-image-148662\" src=\"https:\/\/migracao.redenoticia.com.br\/noticia\/imagens\/as-aventuras-de-poliana-novela-400x267.jpg\" alt=\"\" width=\"400\" height=\"267\" srcset=\"https:\/\/migracao.redenoticia.com.br\/noticia\/imagens\/as-aventuras-de-poliana-novela-400x267.jpg 400w, https:\/\/migracao.redenoticia.com.br\/noticia\/imagens\/as-aventuras-de-poliana-novela-250x167.jpg 250w, https:\/\/migracao.redenoticia.com.br\/noticia\/imagens\/as-aventuras-de-poliana-novela-150x100.jpg 150w, https:\/\/migracao.redenoticia.com.br\/noticia\/imagens\/as-aventuras-de-poliana-novela.jpg 600w\" sizes=\"auto, (max-width: 400px) 100vw, 400px\" \/>Resumo novela \u201cAs Aventuras de Poliana\u201d 10\/06 <\/em><\/strong>: no cap\u00edtulo 279(*) da novela, resumo de segunda-feira, 10 de junho, Lindomar canta e anima a todos no bazar beneficente. Cels\u00e3o leva Jo\u00e3o at\u00e9 a sala de Ruth, e a diretora pede explica\u00e7\u00f5es sobre o incidente com Bento. Ver\u00f4nica anuncia o recebimento de uma doa\u00e7\u00e3o an\u00f4nima equivalente ao valor necess\u00e1rio para a reforma da casa de Arlete. Bento diz \u00e0 Poliana que Jo\u00e3o o empurrou de prop\u00f3sito, Filipa escuta e desmente o menino. Gabriela leva Vini para passar em consulta com seu tio dentista. Jo\u00e3o se aproxima cada vez mais de Filipa. Waldisney desconfia que Nancy esteja saindo com outra pessoa.<\/p>\n<p>Durval pede Cl\u00e1udia em casamento, mas o pedido n\u00e3o acontece do jeito que ela esperava. Pendleton assume para Poliana que fez a doa\u00e7\u00e3o an\u00f4nima, e a menina tenta o convencer de que foi um ato guiado por Deus. Dona Branca descobre que Mirela est\u00e1 namorando Luca, furiosa, ela imp\u00f5e condi\u00e7\u00f5es para o namoro da neta. Marcelo desconfia da rela\u00e7\u00e3o entre OTTO e Pendleton. O Campo de F\u00e9rias da 0110 \u00e9 divulgado na internet, e durante o jantar, M\u00e1rio l\u00ea a not\u00edcia para o pai e o irm\u00e3o. Irritados com a presen\u00e7a de D\u00e9bora em sua casa, a fam\u00edlia de Roger entra em consenso e toma uma decis\u00e3o para resolver a situa\u00e7\u00e3o.<\/p>\n<p>(*) edi\u00e7\u00e3o do SBT, Novela \u201cAs Aventuras de Poliana\u201d, sujeito a altera\u00e7\u00e3o de data e conte\u00fado.<\/p>\n<p>Poliana \u00e9 uma menina extrovertida e de bom cora\u00e7\u00e3o que viajava o Brasil com seus pais, Lorenzo e Alice, no grupo circense Trupe Vagalume. Aos onze anos a garota v\u00ea seu mundo desabar quando seus pais falecem e ela tem que ir morar em S\u00e3o Paulo com sua tia Lu\u00edsa, uma mulher rica e severa, a qual ela n\u00e3o conhecia e que n\u00e3o queria cuidar dela, embora sinta que \u00e9 sua obriga\u00e7\u00e3o pela alma de sua irm\u00e3. Apesar do jeito da rigidez da tia, Poliana decide ter uma vis\u00e3o positiva e inabal\u00e1vel da vida, mesmo nos momentos de dificuldade, tentando levar um pouco de felicidade para a vida de cada um dos seus novos amigos e vizinhos, como o Sr. Pendleton, um homem rico e infeliz por nunca ter tido filhos. Ela vai estudar no col\u00e9gio de Ruth, uma diretora de bom cora\u00e7\u00e3o que a ajuda a se adaptar, mas tem que lidar com as vilanias de Mirela, garota mais velha que n\u00e3o aceita perder a popularidade para uma novata.<\/p>\n","protected":false},"excerpt":{"rendered":"<p>Resumo novela \u201cAs Aventuras de Poliana\u201d 10\/06 : no cap\u00edtulo 279(*) da novela, resumo de segunda-feira, 10 de junho, Lindomar canta e anima a todos no bazar beneficente. Cels\u00e3o leva Jo\u00e3o at\u00e9 a sala de Ruth, e a diretora pede explica\u00e7\u00f5es sobre o incidente com Bento. Ver\u00f4nica anuncia o recebimento de uma doa\u00e7\u00e3o an\u00f4nima equivalente [&hellip;]<\/p>\n","protected":false},"author":2,"featured_media":148663,"comment_status":"open","ping_status":"closed","sticky":false,"template":"","format":"standard","meta":{"tdm_status":"","tdm_grid_status":"","footnotes":""},"categories":[477,379,372,343],"tags":[441],"class_list":{"0":"post-177301","1":"post","2":"type-post","3":"status-publish","4":"format-standard","5":"has-post-thumbnail","7":"category-as-aventuras-de-poliana","8":"category-novelas","9":"category-sbt","10":"category-televisao","11":"tag-resumo-do-dia"},"_links":{"self":[{"href":"https:\/\/migracao.redenoticia.com.br\/noticia\/wp-json\/wp\/v2\/posts\/177301","targetHints":{"allow":["GET"]}}],"collection":[{"href":"https:\/\/migracao.redenoticia.com.br\/noticia\/wp-json\/wp\/v2\/posts"}],"about":[{"href":"https:\/\/migracao.redenoticia.com.br\/noticia\/wp-json\/wp\/v2\/types\/post"}],"author":[{"embeddable":true,"href":"https:\/\/migracao.redenoticia.com.br\/noticia\/wp-json\/wp\/v2\/users\/2"}],"replies":[{"embeddable":true,"href":"https:\/\/migracao.redenoticia.com.br\/noticia\/wp-json\/wp\/v2\/comments?post=177301"}],"version-history":[{"count":0,"href":"https:\/\/migracao.redenoticia.com.br\/noticia\/wp-json\/wp\/v2\/posts\/177301\/revisions"}],"wp:featuredmedia":[{"embeddable":true,"href":"https:\/\/migracao.redenoticia.com.br\/noticia\/wp-json\/wp\/v2\/media\/148663"}],"wp:attachment":[{"href":"https:\/\/migracao.redenoticia.com.br\/noticia\/wp-json\/wp\/v2\/media?parent=177301"}],"wp:term":[{"taxonomy":"category","embeddable":true,"href":"https:\/\/migracao.redenoticia.com.br\/noticia\/wp-json\/wp\/v2\/categories?post=177301"},{"taxonomy":"post_tag","embeddable":true,"href":"https:\/\/migracao.redenoticia.com.br\/noticia\/wp-json\/wp\/v2\/tags?post=177301"}],"curies":[{"name":"wp","href":"https:\/\/api.w.org\/{rel}","templated":true}]}}