{"id":177444,"date":"2019-06-11T16:03:31","date_gmt":"2019-06-11T19:03:31","guid":{"rendered":"https:\/\/www.redenoticia.com.br\/noticia\/?p=177444"},"modified":"2019-06-11T16:03:39","modified_gmt":"2019-06-11T19:03:39","slug":"resumo-novela-as-aventuras-de-poliana-12-06-lindomar-se-lembra-do-envelope-entregue-por-ciro","status":"publish","type":"post","link":"https:\/\/migracao.redenoticia.com.br\/noticia\/2019\/resumo-novela-as-aventuras-de-poliana-12-06-lindomar-se-lembra-do-envelope-entregue-por-ciro\/177444","title":{"rendered":"Resumo novela \u201cAs Aventuras de Poliana\u201d 12\/06: Lindomar se lembra do envelope entregue por Ciro"},"content":{"rendered":"<p><strong><em><img loading=\"lazy\" decoding=\"async\" class=\"aligncenter size-large wp-image-148662\" src=\"https:\/\/migracao.redenoticia.com.br\/noticia\/imagens\/as-aventuras-de-poliana-novela-400x267.jpg\" alt=\"\" width=\"400\" height=\"267\" srcset=\"https:\/\/migracao.redenoticia.com.br\/noticia\/imagens\/as-aventuras-de-poliana-novela-400x267.jpg 400w, https:\/\/migracao.redenoticia.com.br\/noticia\/imagens\/as-aventuras-de-poliana-novela-250x167.jpg 250w, https:\/\/migracao.redenoticia.com.br\/noticia\/imagens\/as-aventuras-de-poliana-novela-150x100.jpg 150w, https:\/\/migracao.redenoticia.com.br\/noticia\/imagens\/as-aventuras-de-poliana-novela.jpg 600w\" sizes=\"auto, (max-width: 400px) 100vw, 400px\" \/>Resumo novela \u201cAs Aventuras de Poliana\u201d 12\/06 <\/em><\/strong>: no cap\u00edtulo 281(*) da novela, resumo de quarta-feira, 12 de junho, os professores chegam \u00e0 escola se deparam com os estragos feitos pelos invasores. D\u00e9bora tenta retomar a amizade com Luisa. As embalagens dos docinhos de Nancy s\u00e3o encontradas no local denunciado para a pol\u00edcia, Dona Branca e a neta s\u00e3o informadas pelo telejornal. Lorena compartilha seu sonho com os amigos do Clubinho. Marcelo diz para Luisa tomar cuidado com D\u00e9bora, pois ela \u00e9 muito oportunista. O recado deixado pelos invasores do col\u00e9gio cita Jo\u00e3o, e Ruth quer uma explica\u00e7\u00e3o. A pol\u00edcia vai at\u00e9 a casa de Nancy para saber se ela tem alguma rela\u00e7\u00e3o com os criminosos. Rato desconfia de Falc\u00e3o, e pede para ele parar de comprar os doces da ex-namorada. Marcelo, nervoso, exige explica\u00e7\u00f5es de Jo\u00e3o quanto ao recado deixado pelos criminosos.<\/p>\n<p>Pendleton descobre uma informa\u00e7\u00e3o importante sobre o vazamento do Vetherna e convoca uma reuni\u00e3o. Eric e Hugo acusam Jo\u00e3o de ter trazido os marginais para o col\u00e9gio, Filipa o defende. Kessya grava o comercial Fios Maravilha. Fingindo ser da equipe de reforma, 3 homens vasculham a casa de Arlete, que n\u00e3o desconfia da arma\u00e7\u00e3o. Lindomar se lembra de um envelope entregue por Ciro antes de sua morte. Vini chega \u00e0 escola com um aparelho extra bucal, e \u00e9 zoado pelos colegas. Marcelo pede aos alunos que criem programas de TV de diferentes g\u00eaneros. Waldisney desconfia de que os supostos membros da equipe de reforma na casa de Arlete estejam procurando algo.<\/p>\n<p>(*) edi\u00e7\u00e3o do SBT, Novela \u201cAs Aventuras de Poliana\u201d, sujeito a altera\u00e7\u00e3o de data e conte\u00fado.<\/p>\n<p>Poliana \u00e9 uma menina extrovertida e de bom cora\u00e7\u00e3o que viajava o Brasil com seus pais, Lorenzo e Alice, no grupo circense Trupe Vagalume. Aos onze anos a garota v\u00ea seu mundo desabar quando seus pais falecem e ela tem que ir morar em S\u00e3o Paulo com sua tia Lu\u00edsa, uma mulher rica e severa, a qual ela n\u00e3o conhecia e que n\u00e3o queria cuidar dela, embora sinta que \u00e9 sua obriga\u00e7\u00e3o pela alma de sua irm\u00e3. Apesar do jeito da rigidez da tia, Poliana decide ter uma vis\u00e3o positiva e inabal\u00e1vel da vida, mesmo nos momentos de dificuldade, tentando levar um pouco de felicidade para a vida de cada um dos seus novos amigos e vizinhos, como o Sr. Pendleton, um homem rico e infeliz por nunca ter tido filhos. Ela vai estudar no col\u00e9gio de Ruth, uma diretora de bom cora\u00e7\u00e3o que a ajuda a se adaptar, mas tem que lidar com as vilanias de Mirela, garota mais velha que n\u00e3o aceita perder a popularidade para uma novata.<\/p>\n","protected":false},"excerpt":{"rendered":"<p>Resumo novela \u201cAs Aventuras de Poliana\u201d 12\/06 : no cap\u00edtulo 281(*) da novela, resumo de quarta-feira, 12 de junho, os professores chegam \u00e0 escola se deparam com os estragos feitos pelos invasores. D\u00e9bora tenta retomar a amizade com Luisa. As embalagens dos docinhos de Nancy s\u00e3o encontradas no local denunciado para a pol\u00edcia, Dona Branca [&hellip;]<\/p>\n","protected":false},"author":4,"featured_media":148663,"comment_status":"open","ping_status":"closed","sticky":false,"template":"","format":"standard","meta":{"tdm_status":"","tdm_grid_status":"","footnotes":""},"categories":[477,379,372,343],"tags":[441],"class_list":{"0":"post-177444","1":"post","2":"type-post","3":"status-publish","4":"format-standard","5":"has-post-thumbnail","7":"category-as-aventuras-de-poliana","8":"category-novelas","9":"category-sbt","10":"category-televisao","11":"tag-resumo-do-dia"},"_links":{"self":[{"href":"https:\/\/migracao.redenoticia.com.br\/noticia\/wp-json\/wp\/v2\/posts\/177444","targetHints":{"allow":["GET"]}}],"collection":[{"href":"https:\/\/migracao.redenoticia.com.br\/noticia\/wp-json\/wp\/v2\/posts"}],"about":[{"href":"https:\/\/migracao.redenoticia.com.br\/noticia\/wp-json\/wp\/v2\/types\/post"}],"author":[{"embeddable":true,"href":"https:\/\/migracao.redenoticia.com.br\/noticia\/wp-json\/wp\/v2\/users\/4"}],"replies":[{"embeddable":true,"href":"https:\/\/migracao.redenoticia.com.br\/noticia\/wp-json\/wp\/v2\/comments?post=177444"}],"version-history":[{"count":0,"href":"https:\/\/migracao.redenoticia.com.br\/noticia\/wp-json\/wp\/v2\/posts\/177444\/revisions"}],"wp:featuredmedia":[{"embeddable":true,"href":"https:\/\/migracao.redenoticia.com.br\/noticia\/wp-json\/wp\/v2\/media\/148663"}],"wp:attachment":[{"href":"https:\/\/migracao.redenoticia.com.br\/noticia\/wp-json\/wp\/v2\/media?parent=177444"}],"wp:term":[{"taxonomy":"category","embeddable":true,"href":"https:\/\/migracao.redenoticia.com.br\/noticia\/wp-json\/wp\/v2\/categories?post=177444"},{"taxonomy":"post_tag","embeddable":true,"href":"https:\/\/migracao.redenoticia.com.br\/noticia\/wp-json\/wp\/v2\/tags?post=177444"}],"curies":[{"name":"wp","href":"https:\/\/api.w.org\/{rel}","templated":true}]}}