{"id":177600,"date":"2019-06-18T23:14:58","date_gmt":"2019-06-19T02:14:58","guid":{"rendered":"https:\/\/www.redenoticia.com.br\/noticia\/?p=177600"},"modified":"2019-06-18T23:15:40","modified_gmt":"2019-06-19T02:15:40","slug":"novela-orfaos-da-terra-jamil-e-rude-com-basma-e-ela-surta","status":"publish","type":"post","link":"https:\/\/migracao.redenoticia.com.br\/noticia\/2019\/novela-orfaos-da-terra-jamil-e-rude-com-basma-e-ela-surta\/177600","title":{"rendered":"Novela \u201c\u00d3rf\u00e3os da Terra\u201d: Jamil \u00e9 rude com Basma e ela surta"},"content":{"rendered":"<p><strong><em><img loading=\"lazy\" decoding=\"async\" class=\"aligncenter size-large wp-image-174193\" src=\"https:\/\/migracao.redenoticia.com.br\/noticia\/imagens\/orfaos-da-terra-10-294x300.jpg\" alt=\"\" width=\"294\" height=\"300\" srcset=\"https:\/\/migracao.redenoticia.com.br\/noticia\/imagens\/orfaos-da-terra-10-294x300.jpg 294w, https:\/\/migracao.redenoticia.com.br\/noticia\/imagens\/orfaos-da-terra-10-183x187.jpg 183w, https:\/\/migracao.redenoticia.com.br\/noticia\/imagens\/orfaos-da-terra-10-356x364.jpg 356w, https:\/\/migracao.redenoticia.com.br\/noticia\/imagens\/orfaos-da-terra-10-560x572.jpg 560w, https:\/\/migracao.redenoticia.com.br\/noticia\/imagens\/orfaos-da-terra-10.jpg 620w\" sizes=\"auto, (max-width: 294px) 100vw, 294px\" \/><\/em><\/strong><\/p>\n<p><strong><em>Novela \u201c\u00d3rf\u00e3os da Terra\u201d:<\/em><\/strong> Dalila (Alice Wegmann) surpreende Jamil (Renato G\u00f3es) com um beijo. Logo depois, Dalila invade o carro do amado para ser flagrada em clima \u00edntimo com ele por Laila (Julia Dalavia).\u00a0Laila discute\u00a0com o marido. No dia seguinte, Dalila liga para Jamil e ele esclarece: &#8220;E?&#8230; Na verdade, eu queria pedir pra voce? na?o ligar mais pra mim&#8230; Acho melhor a gente na?o se ver mais&#8221;.<\/p>\n<p>Dalila surta: &#8220;Kha?ra! Ba?&#8217;is! Desligou na minha cara! Ele mudou&#8230; Ta? frio comigo! Por causa daquela kalbe! Mas isso na?o vai ficar assim! Na?o vai&#8221;. Dalila manda Paul (Carmo Dalla Vecchia) colocar todo o plano deles em pr\u00e1tica.<\/p>\n<p>Paul pressiona Miguel (Paulo Betti) e ele aceita dinheiro de Dalila para pagar o agiota. Dalila exige que os bens sejam colocados no nome de Jamil e alega que n\u00e3o pode confiar em um jogador compulsivo. Dalila planeja fazer a fam\u00edlia achar que Jamil deu um golpe em Miguel. Cena prevista para dia 25 na novela \u201c\u00d3rf\u00e3os da Terra\u201d.<\/p>\n<p>Novela \u201c\u00d3rf\u00e3os da Terra\u201d &#8211; A hist\u00f3ria se inicia na S\u00edria, onde Missade (Ana Cec\u00edlia Costa) e Elias (Marco Ricca) vivem com seus filhos Laila (Julia Dalavia) e Khaled (Rodrigo Vidal) at\u00e9 serem v\u00edtimas da guerra e terem que se refugiar no L\u00edbano. Com o irm\u00e3o gravemente ferido e a fam\u00edlia presa num campo de concentra\u00e7\u00e3o, Laila aceita se casar com o sheik Aziz (Herson Capri) \u2013 um homem cruel e muito mais velho \u2013 em troca de dinheiro para pagar o tratamento m\u00e9dico.<\/p>\n<p>Por\u00e9m, o menino falece e a mo\u00e7a decide fugir para o Brasil com seus pais na noite de n\u00fapcias, antes do casamento ser consumado, indo morar com seus tios, R\u00e2nia (Eliane Giardini) e Miguel (Paulo Betti). Irritado, o sheik manda Jammil (Renato G\u00f3es), seu bra\u00e7o-direito e noivo de sua filha, Dalila (Alice Wegmann), buscar a mo\u00e7a e traz\u00ea-la a for\u00e7a, por\u00e9m os dois acabam se apaixonando e se tornam fugitivos da fam\u00edlia Abdallah.<\/p>\n","protected":false},"excerpt":{"rendered":"<p>Novela \u201c\u00d3rf\u00e3os da Terra\u201d: Dalila (Alice Wegmann) surpreende Jamil (Renato G\u00f3es) com um beijo. Logo depois, Dalila invade o carro do amado para ser flagrada em clima \u00edntimo com ele por Laila (Julia Dalavia).\u00a0Laila discute\u00a0com o marido. No dia seguinte, Dalila liga para Jamil e ele esclarece: &#8220;E?&#8230; Na verdade, eu queria pedir pra voce? [&hellip;]<\/p>\n","protected":false},"author":2,"featured_media":176571,"comment_status":"open","ping_status":"closed","sticky":false,"template":"","format":"standard","meta":{"tdm_status":"","tdm_grid_status":"","footnotes":""},"categories":[379,540,375,343],"tags":[440],"class_list":{"0":"post-177600","1":"post","2":"type-post","3":"status-publish","4":"format-standard","5":"has-post-thumbnail","7":"category-novelas","8":"category-orfaos-da-terra","9":"category-rede-globo","10":"category-televisao","11":"tag-noticia-novela"},"_links":{"self":[{"href":"https:\/\/migracao.redenoticia.com.br\/noticia\/wp-json\/wp\/v2\/posts\/177600","targetHints":{"allow":["GET"]}}],"collection":[{"href":"https:\/\/migracao.redenoticia.com.br\/noticia\/wp-json\/wp\/v2\/posts"}],"about":[{"href":"https:\/\/migracao.redenoticia.com.br\/noticia\/wp-json\/wp\/v2\/types\/post"}],"author":[{"embeddable":true,"href":"https:\/\/migracao.redenoticia.com.br\/noticia\/wp-json\/wp\/v2\/users\/2"}],"replies":[{"embeddable":true,"href":"https:\/\/migracao.redenoticia.com.br\/noticia\/wp-json\/wp\/v2\/comments?post=177600"}],"version-history":[{"count":0,"href":"https:\/\/migracao.redenoticia.com.br\/noticia\/wp-json\/wp\/v2\/posts\/177600\/revisions"}],"wp:featuredmedia":[{"embeddable":true,"href":"https:\/\/migracao.redenoticia.com.br\/noticia\/wp-json\/wp\/v2\/media\/176571"}],"wp:attachment":[{"href":"https:\/\/migracao.redenoticia.com.br\/noticia\/wp-json\/wp\/v2\/media?parent=177600"}],"wp:term":[{"taxonomy":"category","embeddable":true,"href":"https:\/\/migracao.redenoticia.com.br\/noticia\/wp-json\/wp\/v2\/categories?post=177600"},{"taxonomy":"post_tag","embeddable":true,"href":"https:\/\/migracao.redenoticia.com.br\/noticia\/wp-json\/wp\/v2\/tags?post=177600"}],"curies":[{"name":"wp","href":"https:\/\/api.w.org\/{rel}","templated":true}]}}