{"id":177627,"date":"2019-06-26T23:15:49","date_gmt":"2019-06-27T02:15:49","guid":{"rendered":"https:\/\/www.redenoticia.com.br\/noticia\/?p=177627"},"modified":"2019-06-26T23:30:11","modified_gmt":"2019-06-27T02:30:11","slug":"novela-a-dona-do-pedaco-agno-se-apaixona-e-investe-na-carreira-de-rock","status":"publish","type":"post","link":"https:\/\/migracao.redenoticia.com.br\/noticia\/2019\/novela-a-dona-do-pedaco-agno-se-apaixona-e-investe-na-carreira-de-rock\/177627","title":{"rendered":"Novela \u201cA Dona do Peda\u00e7o\u201d: Agno se apaixona e investe na carreira de Rock"},"content":{"rendered":"<p><strong><em><img loading=\"lazy\" decoding=\"async\" class=\"aligncenter size-large wp-image-175348\" src=\"https:\/\/migracao.redenoticia.com.br\/noticia\/imagens\/A-Dona-do-Pedaco-globo-resumo-314x300.jpg\" alt=\"\" width=\"314\" height=\"300\" srcset=\"https:\/\/migracao.redenoticia.com.br\/noticia\/imagens\/A-Dona-do-Pedaco-globo-resumo-314x300.jpg 314w, https:\/\/migracao.redenoticia.com.br\/noticia\/imagens\/A-Dona-do-Pedaco-globo-resumo-196x187.jpg 196w, https:\/\/migracao.redenoticia.com.br\/noticia\/imagens\/A-Dona-do-Pedaco-globo-resumo.jpg 457w\" sizes=\"auto, (max-width: 314px) 100vw, 314px\" \/><\/em><\/strong><\/p>\n<p><strong><em>Novela &#8220;A Dona do Peda\u00e7o\u201d:<\/em><\/strong> Fabiana (Nathalia Dill) v\u00ea Agno (Malvino Salvador) com um garoto de programa e convence Rock (Caio Castro) a se aproximar do empres\u00e1rio. Agno se interessa por Rock e passa a frequentar a academia onde o lutador treina. Rock perde a permuta com a academia e Agno faz uma proposta: &#8220;Eu treinei boxe durante anos. Quero voltar a treinar. N\u00e3o se preocupe com permuta. Mas vou precisar treinar com algu\u00e9m. Pago a minha academia e a sua. Topa?&#8221;.<\/p>\n<p>Rock aceita e eles ficam cada vez mais \u00edntimos. Agno passa a investir no atleta: &#8220;Tem futuro. E eu estou com disposi\u00e7\u00e3o. Vou fazer de voc\u00ea um campe\u00e3o&#8221;. Apaixonado, Agno monta uma estrutura completa e contrata profissionais para impulsionar a carreira do lutador. Cena prevista para 5 de julho na novela \u201cA Dona do Peda\u00e7o\u201d.<\/p>\n<p>Sinopse \u201cA Dona do Peda\u00e7o\u201d: a novela enaltece a trajet\u00f3ria de Maria da Paz (Juliana Paes), uma jovem humilde, da cidade fict\u00edcia de Rio Vermelho, no Esp\u00edrito Santo. Maria vem de uma fam\u00edlia de justiceiros profissionais, os Ramirez, e se apaixona justamente por Amadeu (Marcos Palmeira), advogado formado em Vit\u00f3ria e membro do cl\u00e3 rival nos neg\u00f3cios, os Matheus. A trama, dividida em um pr\u00f3logo e duas fases, traz uma hist\u00f3ria de amor com elementos \u00e0 Romeu e Julieta, sem perder o humor, que permeia todo o folhetim.<\/p>\n","protected":false},"excerpt":{"rendered":"<p>Novela &#8220;A Dona do Peda\u00e7o\u201d: Fabiana (Nathalia Dill) v\u00ea Agno (Malvino Salvador) com um garoto de programa e convence Rock (Caio Castro) a se aproximar do empres\u00e1rio. Agno se interessa por Rock e passa a frequentar a academia onde o lutador treina. Rock perde a permuta com a academia e Agno faz uma proposta: &#8220;Eu [&hellip;]<\/p>\n","protected":false},"author":2,"featured_media":177654,"comment_status":"open","ping_status":"closed","sticky":false,"template":"","format":"standard","meta":{"tdm_status":"","tdm_grid_status":"","footnotes":""},"categories":[543,388,379,375,343],"tags":[440],"class_list":{"0":"post-177627","1":"post","2":"type-post","3":"status-publish","4":"format-standard","5":"has-post-thumbnail","7":"category-a-dona-do-pedaco","8":"category-destaques","9":"category-novelas","10":"category-rede-globo","11":"category-televisao","12":"tag-noticia-novela"},"_links":{"self":[{"href":"https:\/\/migracao.redenoticia.com.br\/noticia\/wp-json\/wp\/v2\/posts\/177627","targetHints":{"allow":["GET"]}}],"collection":[{"href":"https:\/\/migracao.redenoticia.com.br\/noticia\/wp-json\/wp\/v2\/posts"}],"about":[{"href":"https:\/\/migracao.redenoticia.com.br\/noticia\/wp-json\/wp\/v2\/types\/post"}],"author":[{"embeddable":true,"href":"https:\/\/migracao.redenoticia.com.br\/noticia\/wp-json\/wp\/v2\/users\/2"}],"replies":[{"embeddable":true,"href":"https:\/\/migracao.redenoticia.com.br\/noticia\/wp-json\/wp\/v2\/comments?post=177627"}],"version-history":[{"count":0,"href":"https:\/\/migracao.redenoticia.com.br\/noticia\/wp-json\/wp\/v2\/posts\/177627\/revisions"}],"wp:featuredmedia":[{"embeddable":true,"href":"https:\/\/migracao.redenoticia.com.br\/noticia\/wp-json\/wp\/v2\/media\/177654"}],"wp:attachment":[{"href":"https:\/\/migracao.redenoticia.com.br\/noticia\/wp-json\/wp\/v2\/media?parent=177627"}],"wp:term":[{"taxonomy":"category","embeddable":true,"href":"https:\/\/migracao.redenoticia.com.br\/noticia\/wp-json\/wp\/v2\/categories?post=177627"},{"taxonomy":"post_tag","embeddable":true,"href":"https:\/\/migracao.redenoticia.com.br\/noticia\/wp-json\/wp\/v2\/tags?post=177627"}],"curies":[{"name":"wp","href":"https:\/\/api.w.org\/{rel}","templated":true}]}}