{"id":177653,"date":"2019-07-16T23:41:33","date_gmt":"2019-07-17T02:41:33","guid":{"rendered":"https:\/\/www.redenoticia.com.br\/noticia\/?p=177653"},"modified":"2019-07-16T23:41:48","modified_gmt":"2019-07-17T02:41:48","slug":"novela-verao-90-vanessa-e-presa-e-cumpre-pena-por-falso-testemunho","status":"publish","type":"post","link":"https:\/\/migracao.redenoticia.com.br\/noticia\/2019\/novela-verao-90-vanessa-e-presa-e-cumpre-pena-por-falso-testemunho\/177653","title":{"rendered":"Novela \u201cVer\u00e3o 90\u201d: Vanessa \u00e9 presa e cumpre pena por falso testemunho"},"content":{"rendered":"<p><strong><em><img loading=\"lazy\" decoding=\"async\" class=\"aligncenter size-large wp-image-168049\" src=\"https:\/\/migracao.redenoticia.com.br\/noticia\/imagens\/verao-90-novela-resumo-viloes-267x300.jpg\" alt=\"\" width=\"267\" height=\"300\" srcset=\"https:\/\/migracao.redenoticia.com.br\/noticia\/imagens\/verao-90-novela-resumo-viloes-267x300.jpg 267w, https:\/\/migracao.redenoticia.com.br\/noticia\/imagens\/verao-90-novela-resumo-viloes-167x187.jpg 167w, https:\/\/migracao.redenoticia.com.br\/noticia\/imagens\/verao-90-novela-resumo-viloes.jpg 497w\" sizes=\"auto, (max-width: 267px) 100vw, 267px\" \/><\/em><\/strong><\/p>\n<p><strong><em>Novela \u201cVer\u00e3o 90\u201d:<\/em><\/strong> Um exame de DNA inocenta Jo\u00e3o (Rafael Vitti) e uma investiga\u00e7\u00e3o \u00e9 reaberta para apurar a morte da VJ. Vanessa (Camila Queiroz), com orienta\u00e7\u00e3o de Jer\u00f4nimo (Jesu\u00edta Barbosa), confessa que mentiu sobre o acidente que matou Nicole (Barbara Fran\u00e7a): &#8220;Eu menti, excel\u00eancia. Eu menti pra pol\u00edcia e menti em ju\u00edzo. N\u00e3o foi o Jo\u00e3o Guerreiro que empurrou a Nicole. Eu fui coagida, fui obrigada a mentir, excel\u00eancia. O Roj\u00ea Guerreiro \u00e9 um monstro. Um covarde, manipulador. Eu era muito nova, apaixonada por ele, e ele me convenceu a mentir. E agora o Roj\u00ea fugiu, n\u00e3o sei mais dele&#8230; Ele me usou esse tempo todo! Mais do que ningu\u00e9m eu quero que ele pague por tudo que fez! Eu posso ir a julgamento, eu vou cooperar com a justi\u00e7a, algu\u00e9m tem que parar esse pilantra!&#8221;.<\/p>\n<p>Logo depois, Quinzinho (Caio Paduan) assume sua responsabilidade no acidente. Vanessa encontra Jer\u00f4nimo: &#8220;Pilantra! Meu amor! Foi horr\u00edvel te queimar daquele jeito pro promotor!&#8221;. O bandido acalma Vanessa: &#8220;Esquece isso. Vai dar tudo certo. Vamos embora daqui. Come\u00e7ar vida nova!&#8221;.<\/p>\n<p>Jo\u00e3o tenta convencer o malandro a se entregar, o persegue por uma estrada e Jer\u00f4nimo cai na ribanceira com sua moto. O vil\u00e3o sobrevive, passa a viver nos Estados Unidos, a m\u00e3e o v\u00ea na televis\u00e3o assistindo ao jogo da Copa, a pol\u00edcia ser\u00e1 acionada e Jer\u00f4nimo \u00e9 preso. Vanessa tira foto para a sua ficha criminal e \u00e9 levada para a cadeia. Ap\u00f3s um ano, ela ganha a liberdade. Cena prevista para 25 de julho na novela \u201cVer\u00e3o 90\u201d.<\/p>\n<p>Sinopse \u201cVer\u00e3o 90\u201d: O Rio de Janeiro da d\u00e9cada de 1990, a cultura efervescente da \u00e9poca, os acontecimentos sociais e pol\u00edticos, a m\u00fasica e a moda est\u00e3o presentes em \u2018Ver\u00e3o 90\u2019, uma com\u00e9dia rom\u00e2ntica, solar e musical, escrita por Izabel de Oliveira e Paula Amaral, com dire\u00e7\u00e3o art\u00edstica de Jorge Fernando.<\/p>\n","protected":false},"excerpt":{"rendered":"<p>Novela \u201cVer\u00e3o 90\u201d: Um exame de DNA inocenta Jo\u00e3o (Rafael Vitti) e uma investiga\u00e7\u00e3o \u00e9 reaberta para apurar a morte da VJ. Vanessa (Camila Queiroz), com orienta\u00e7\u00e3o de Jer\u00f4nimo (Jesu\u00edta Barbosa), confessa que mentiu sobre o acidente que matou Nicole (Barbara Fran\u00e7a): &#8220;Eu menti, excel\u00eancia. Eu menti pra pol\u00edcia e menti em ju\u00edzo. N\u00e3o foi [&hellip;]<\/p>\n","protected":false},"author":2,"featured_media":168051,"comment_status":"open","ping_status":"closed","sticky":false,"template":"","format":"standard","meta":{"tdm_status":"","tdm_grid_status":"","footnotes":""},"categories":[379,375,343,536],"tags":[440],"class_list":{"0":"post-177653","1":"post","2":"type-post","3":"status-publish","4":"format-standard","5":"has-post-thumbnail","7":"category-novelas","8":"category-rede-globo","9":"category-televisao","10":"category-verao-90","11":"tag-noticia-novela"},"_links":{"self":[{"href":"https:\/\/migracao.redenoticia.com.br\/noticia\/wp-json\/wp\/v2\/posts\/177653","targetHints":{"allow":["GET"]}}],"collection":[{"href":"https:\/\/migracao.redenoticia.com.br\/noticia\/wp-json\/wp\/v2\/posts"}],"about":[{"href":"https:\/\/migracao.redenoticia.com.br\/noticia\/wp-json\/wp\/v2\/types\/post"}],"author":[{"embeddable":true,"href":"https:\/\/migracao.redenoticia.com.br\/noticia\/wp-json\/wp\/v2\/users\/2"}],"replies":[{"embeddable":true,"href":"https:\/\/migracao.redenoticia.com.br\/noticia\/wp-json\/wp\/v2\/comments?post=177653"}],"version-history":[{"count":0,"href":"https:\/\/migracao.redenoticia.com.br\/noticia\/wp-json\/wp\/v2\/posts\/177653\/revisions"}],"wp:featuredmedia":[{"embeddable":true,"href":"https:\/\/migracao.redenoticia.com.br\/noticia\/wp-json\/wp\/v2\/media\/168051"}],"wp:attachment":[{"href":"https:\/\/migracao.redenoticia.com.br\/noticia\/wp-json\/wp\/v2\/media?parent=177653"}],"wp:term":[{"taxonomy":"category","embeddable":true,"href":"https:\/\/migracao.redenoticia.com.br\/noticia\/wp-json\/wp\/v2\/categories?post=177653"},{"taxonomy":"post_tag","embeddable":true,"href":"https:\/\/migracao.redenoticia.com.br\/noticia\/wp-json\/wp\/v2\/tags?post=177653"}],"curies":[{"name":"wp","href":"https:\/\/api.w.org\/{rel}","templated":true}]}}