{"id":177749,"date":"2019-07-24T22:38:19","date_gmt":"2019-07-25T01:38:19","guid":{"rendered":"https:\/\/www.redenoticia.com.br\/noticia\/?p=177749"},"modified":"2019-07-24T23:38:49","modified_gmt":"2019-07-25T02:38:49","slug":"novela-verao-90-quinzinho-sai-da-cadeia-e-decide-morar-com-dandara","status":"publish","type":"post","link":"https:\/\/migracao.redenoticia.com.br\/noticia\/2019\/novela-verao-90-quinzinho-sai-da-cadeia-e-decide-morar-com-dandara\/177749","title":{"rendered":"Novela \u201cVer\u00e3o 90\u201d: Quinzinho sai da cadeia e reata com Dandara"},"content":{"rendered":"<p><img loading=\"lazy\" decoding=\"async\" class=\"aligncenter size-large wp-image-167198\" src=\"https:\/\/migracao.redenoticia.com.br\/noticia\/imagens\/verao-90-resumo-globo-capitulos-394x300.jpg\" alt=\"\" width=\"394\" height=\"300\" srcset=\"https:\/\/migracao.redenoticia.com.br\/noticia\/imagens\/verao-90-resumo-globo-capitulos-394x300.jpg 394w, https:\/\/migracao.redenoticia.com.br\/noticia\/imagens\/verao-90-resumo-globo-capitulos-246x187.jpg 246w, https:\/\/migracao.redenoticia.com.br\/noticia\/imagens\/verao-90-resumo-globo-capitulos-560x426.jpg 560w, https:\/\/migracao.redenoticia.com.br\/noticia\/imagens\/verao-90-resumo-globo-capitulos.jpg 661w\" sizes=\"auto, (max-width: 394px) 100vw, 394px\" \/><\/p>\n<p><strong><em>Novela \u201cVer\u00e3o 90\u201d:<\/em><\/strong> Quinzinho (Caio Paduan), Vanessa (Camila Queiroz) e Jer\u00f4nimo (Jesu\u00edta Barbosa) pagam pelos seus crimes na cadeia e ganham liberdade ap\u00f3s uma passagem de tempo. Vanessa desaparece. Quinzinho sai da cadeia e decide morar no exterior com Dandara (Dandara Mariana). O machista passa a cuidar do filho do casal e da casa, enquanto a dan\u00e7arina trabalha.<\/p>\n<p>Jer\u00f4nimo passa a trabalhar no restaurante de sua m\u00e3e e escreve o roteiro de um filme sobre a hist\u00f3ria do conjunto Patotinha M\u00e1gica. Jo\u00e3o (Rafael Vitti) e Manu (Isabelle Drummond) apoiam e trabalham juntos no projeto. Herculano (Humberto Martins) aparece na pr\u00e9-estreia e o filme faz sucesso.<\/p>\n<p>Logo depois, Jer\u00f4nimo recebe um telefonema de Vanessa, a encontra em um bar e ela o convida para partir com ela. Jer\u00f4nimo aparece com a pilantra em um iate luxuoso. Galdino (Gabriel Godoy) surge e fala que foi ele quem arranjou o barco. Os tr\u00eas se abra\u00e7am e novas latas de doce de leite aparecem para animar o trio de pilantras. Cena prevista para dia 26 de julho na novela \u201cVer\u00e3o 90\u201d.<\/p>\n<p>Sinopse \u201cVer\u00e3o 90\u201d: O Rio de Janeiro da d\u00e9cada de 1990, a cultura efervescente da \u00e9poca, os acontecimentos sociais e pol\u00edticos, a m\u00fasica e a moda est\u00e3o presentes em \u2018Ver\u00e3o 90\u2019, uma com\u00e9dia rom\u00e2ntica, solar e musical, escrita por Izabel de Oliveira e Paula Amaral, com dire\u00e7\u00e3o art\u00edstica de Jorge Fernando.<\/p>\n","protected":false},"excerpt":{"rendered":"<p>Novela \u201cVer\u00e3o 90\u201d: Quinzinho (Caio Paduan), Vanessa (Camila Queiroz) e Jer\u00f4nimo (Jesu\u00edta Barbosa) pagam pelos seus crimes na cadeia e ganham liberdade ap\u00f3s uma passagem de tempo. Vanessa desaparece. Quinzinho sai da cadeia e decide morar no exterior com Dandara (Dandara Mariana). O machista passa a cuidar do filho do casal e da casa, enquanto [&hellip;]<\/p>\n","protected":false},"author":2,"featured_media":168050,"comment_status":"open","ping_status":"closed","sticky":false,"template":"","format":"standard","meta":{"tdm_status":"","tdm_grid_status":"","footnotes":""},"categories":[379,375,343,536],"tags":[440],"class_list":{"0":"post-177749","1":"post","2":"type-post","3":"status-publish","4":"format-standard","5":"has-post-thumbnail","7":"category-novelas","8":"category-rede-globo","9":"category-televisao","10":"category-verao-90","11":"tag-noticia-novela"},"_links":{"self":[{"href":"https:\/\/migracao.redenoticia.com.br\/noticia\/wp-json\/wp\/v2\/posts\/177749","targetHints":{"allow":["GET"]}}],"collection":[{"href":"https:\/\/migracao.redenoticia.com.br\/noticia\/wp-json\/wp\/v2\/posts"}],"about":[{"href":"https:\/\/migracao.redenoticia.com.br\/noticia\/wp-json\/wp\/v2\/types\/post"}],"author":[{"embeddable":true,"href":"https:\/\/migracao.redenoticia.com.br\/noticia\/wp-json\/wp\/v2\/users\/2"}],"replies":[{"embeddable":true,"href":"https:\/\/migracao.redenoticia.com.br\/noticia\/wp-json\/wp\/v2\/comments?post=177749"}],"version-history":[{"count":0,"href":"https:\/\/migracao.redenoticia.com.br\/noticia\/wp-json\/wp\/v2\/posts\/177749\/revisions"}],"wp:featuredmedia":[{"embeddable":true,"href":"https:\/\/migracao.redenoticia.com.br\/noticia\/wp-json\/wp\/v2\/media\/168050"}],"wp:attachment":[{"href":"https:\/\/migracao.redenoticia.com.br\/noticia\/wp-json\/wp\/v2\/media?parent=177749"}],"wp:term":[{"taxonomy":"category","embeddable":true,"href":"https:\/\/migracao.redenoticia.com.br\/noticia\/wp-json\/wp\/v2\/categories?post=177749"},{"taxonomy":"post_tag","embeddable":true,"href":"https:\/\/migracao.redenoticia.com.br\/noticia\/wp-json\/wp\/v2\/tags?post=177749"}],"curies":[{"name":"wp","href":"https:\/\/api.w.org\/{rel}","templated":true}]}}