{"id":17786,"date":"2009-11-18T20:48:20","date_gmt":"2009-11-19T00:48:20","guid":{"rendered":"http:\/\/www.redenoticia.com.br\/noticia\/?p=17786"},"modified":"2009-11-18T20:49:07","modified_gmt":"2009-11-19T00:49:07","slug":"17786","status":"publish","type":"post","link":"https:\/\/migracao.redenoticia.com.br\/noticia\/2009\/17786\/17786","title":{"rendered":"Previs\u00e3o do tempo na Regi\u00e3o Norte de 19 a 21\/11"},"content":{"rendered":"<p>Previs\u00e3o do tempo no Norte em 19\/11\/2009: No norte do PA e no sul do AP: sol com nebulosidade vari\u00e1vel. No norte do AP e nordeste do PA: sol com nebulosidade vari\u00e1vel e possibilidade de pancadas de chuva Nas demais \u00e1reas: sol entre nuvens com pancadas de chuva. As temperaturas seguir\u00e3o est\u00e1veis. Temperatura m\u00e1xima: 38C no noroeste da PA. Temperatura m\u00ednima: 16C no noroeste de RR.<\/p>\n<p>Tend\u00eancia: No norte do PA e no sul do AP: sol entre poucas nuvens. Nas demais \u00e1reas da Regi\u00e3o: sol com nebulosidade vari\u00e1vel e com pancadas de chuva isolada. As temperaturas seguir\u00e3o est\u00e1veis.<\/p>\n<p>O Centro de Previs\u00e3o de Tempo e Estudos Clim\u00e1ticos \u2013 CPTEC, do Instituto Nacional de Pesquisas Espaciais \u2013 INPE \u00e9 o passaporte do Brasil para o primeiro mundo das previs\u00f5es meteorol\u00f3gicas. Os supercomputadores vetoriais SX-6 e SX-4 fabricados pela NEC Corporation do Jap\u00e3o, possuem capacidade de processar at\u00e9 768 bilh\u00f5es e 16 bilh\u00f5es de opera\u00e7\u00f5es aritm\u00e9ticas em ponto flutuante por segundo respectivamente. Recentemente adquirido da \u201cNEC Corporation do Jap\u00e3o\u201d um cluster com 1100 processadores fabricado pela \u201cSUN Microsystem\u201d com a capacidade de processar at\u00e9 5.7 trilh\u00f5es de opera\u00e7\u00f5es aritm\u00e9ticas em ponto flutuante por segundo. Isso significa possibilidade de utilizar modelos num\u00e9ricos para simula\u00e7\u00e3o de tempo e clima, integrando informa\u00e7\u00f5es atmosf\u00e9ricas e oce\u00e2nicas. O resultado disso s\u00e3o previs\u00f5es de tempo confi\u00e1veis, para todo o pa\u00eds.\u00a0<\/p>\n<p>CPTEC\/INPE<\/p>\n","protected":false},"excerpt":{"rendered":"<p>Previs\u00e3o do tempo no Norte em 19\/11\/2009: No norte do PA e no sul do AP: sol com nebulosidade vari\u00e1vel. No norte do AP e nordeste do PA: sol com nebulosidade vari\u00e1vel e possibilidade de pancadas de chuva Nas demais \u00e1reas: sol entre nuvens com pancadas de chuva. As temperaturas seguir\u00e3o est\u00e1veis. Temperatura m\u00e1xima: 38C [&hellip;]<\/p>\n","protected":false},"author":3,"featured_media":0,"comment_status":"open","ping_status":"open","sticky":false,"template":"","format":"standard","meta":{"tdm_status":"","tdm_grid_status":"","footnotes":""},"categories":[327],"tags":[],"class_list":{"0":"post-17786","1":"post","2":"type-post","3":"status-publish","4":"format-standard","6":"category-clima"},"_links":{"self":[{"href":"https:\/\/migracao.redenoticia.com.br\/noticia\/wp-json\/wp\/v2\/posts\/17786","targetHints":{"allow":["GET"]}}],"collection":[{"href":"https:\/\/migracao.redenoticia.com.br\/noticia\/wp-json\/wp\/v2\/posts"}],"about":[{"href":"https:\/\/migracao.redenoticia.com.br\/noticia\/wp-json\/wp\/v2\/types\/post"}],"author":[{"embeddable":true,"href":"https:\/\/migracao.redenoticia.com.br\/noticia\/wp-json\/wp\/v2\/users\/3"}],"replies":[{"embeddable":true,"href":"https:\/\/migracao.redenoticia.com.br\/noticia\/wp-json\/wp\/v2\/comments?post=17786"}],"version-history":[{"count":0,"href":"https:\/\/migracao.redenoticia.com.br\/noticia\/wp-json\/wp\/v2\/posts\/17786\/revisions"}],"wp:attachment":[{"href":"https:\/\/migracao.redenoticia.com.br\/noticia\/wp-json\/wp\/v2\/media?parent=17786"}],"wp:term":[{"taxonomy":"category","embeddable":true,"href":"https:\/\/migracao.redenoticia.com.br\/noticia\/wp-json\/wp\/v2\/categories?post=17786"},{"taxonomy":"post_tag","embeddable":true,"href":"https:\/\/migracao.redenoticia.com.br\/noticia\/wp-json\/wp\/v2\/tags?post=17786"}],"curies":[{"name":"wp","href":"https:\/\/api.w.org\/{rel}","templated":true}]}}