{"id":17789,"date":"2009-11-18T20:50:42","date_gmt":"2009-11-19T00:50:42","guid":{"rendered":"http:\/\/www.redenoticia.com.br\/noticia\/?p=17789"},"modified":"2009-11-18T20:50:42","modified_gmt":"2009-11-19T00:50:42","slug":"previsao-do-tempo-na-regiao-nordeste-de-19-a-2111","status":"publish","type":"post","link":"https:\/\/migracao.redenoticia.com.br\/noticia\/2009\/previsao-do-tempo-na-regiao-nordeste-de-19-a-2111\/17789","title":{"rendered":"Previs\u00e3o do tempo na Regi\u00e3o Nordeste de 19 a 21\/11"},"content":{"rendered":"<p>Previs\u00e3o do tempo 19\/11\/2009: No leste e sul da BA e litoral de SE: inst\u00e1vel com chuva. No interior leste da BA, no interior de SE, em AL, PE, PB e sul do CE: sol e varia\u00e7\u00e3o de nuvens e possibilidade de pancadas de chuva. No oeste da Regi\u00e3o: sol e varia\u00e7\u00e3o de nuvens e pancadas de chuva a partir da tarde. Nas demais \u00e1reas da Regi\u00e3o: sol e varia\u00e7\u00e3o de nuvens. As temperaturas seguir\u00e3o est\u00e1veis. Temperaturas m\u00e1xima: 35C no norte do PI. Temperaturas m\u00ednima: 18C no sul da BA.<\/p>\n<p>Tend\u00eancia: No Rec\u00f4ncavo Baiano: sol e varia\u00e7\u00e3o de nuvens e possibilidade de pancadas de chuva. No oeste da Regi\u00e3o Nordeste: sol e varia\u00e7\u00e3o de nuvens e pancadas de chuva. Nas demais \u00e1reas da Regi\u00e3o: sol e varia\u00e7\u00e3o de nuvens. As temperaturas seguir\u00e3o est\u00e1veis.<\/p>\n<p>O Centro de Previs\u00e3o de Tempo e Estudos Clim\u00e1ticos \u2013 CPTEC, do Instituto Nacional de Pesquisas Espaciais \u2013 INPE \u00e9 o passaporte do Brasil para o primeiro mundo das previs\u00f5es meteorol\u00f3gicas. Os supercomputadores vetoriais SX-6 e SX-4 fabricados pela NEC Corporation do Jap\u00e3o, possuem capacidade de processar at\u00e9 768 bilh\u00f5es e 16 bilh\u00f5es de opera\u00e7\u00f5es aritm\u00e9ticas em ponto flutuante por segundo respectivamente. Recentemente adquirido da \u201cNEC Corporation do Jap\u00e3o\u201d um cluster com 1100 processadores fabricado pela \u201cSUN Microsystem\u201d com a capacidade de processar at\u00e9 5.7 trilh\u00f5es de opera\u00e7\u00f5es aritm\u00e9ticas em ponto flutuante por segundo. Isso significa possibilidade de utilizar modelos num\u00e9ricos para simula\u00e7\u00e3o de tempo e clima, integrando informa\u00e7\u00f5es atmosf\u00e9ricas e oce\u00e2nicas. O resultado disso s\u00e3o previs\u00f5es de tempo confi\u00e1veis, para todo o pa\u00eds.\u00a0<\/p>\n<p>CPTEC\/INPE<\/p>\n","protected":false},"excerpt":{"rendered":"<p>Previs\u00e3o do tempo 19\/11\/2009: No leste e sul da BA e litoral de SE: inst\u00e1vel com chuva. No interior leste da BA, no interior de SE, em AL, PE, PB e sul do CE: sol e varia\u00e7\u00e3o de nuvens e possibilidade de pancadas de chuva. No oeste da Regi\u00e3o: sol e varia\u00e7\u00e3o de nuvens e [&hellip;]<\/p>\n","protected":false},"author":3,"featured_media":0,"comment_status":"open","ping_status":"open","sticky":false,"template":"","format":"standard","meta":{"tdm_status":"","tdm_grid_status":"","footnotes":""},"categories":[327],"tags":[],"class_list":{"0":"post-17789","1":"post","2":"type-post","3":"status-publish","4":"format-standard","6":"category-clima"},"_links":{"self":[{"href":"https:\/\/migracao.redenoticia.com.br\/noticia\/wp-json\/wp\/v2\/posts\/17789","targetHints":{"allow":["GET"]}}],"collection":[{"href":"https:\/\/migracao.redenoticia.com.br\/noticia\/wp-json\/wp\/v2\/posts"}],"about":[{"href":"https:\/\/migracao.redenoticia.com.br\/noticia\/wp-json\/wp\/v2\/types\/post"}],"author":[{"embeddable":true,"href":"https:\/\/migracao.redenoticia.com.br\/noticia\/wp-json\/wp\/v2\/users\/3"}],"replies":[{"embeddable":true,"href":"https:\/\/migracao.redenoticia.com.br\/noticia\/wp-json\/wp\/v2\/comments?post=17789"}],"version-history":[{"count":0,"href":"https:\/\/migracao.redenoticia.com.br\/noticia\/wp-json\/wp\/v2\/posts\/17789\/revisions"}],"wp:attachment":[{"href":"https:\/\/migracao.redenoticia.com.br\/noticia\/wp-json\/wp\/v2\/media?parent=17789"}],"wp:term":[{"taxonomy":"category","embeddable":true,"href":"https:\/\/migracao.redenoticia.com.br\/noticia\/wp-json\/wp\/v2\/categories?post=17789"},{"taxonomy":"post_tag","embeddable":true,"href":"https:\/\/migracao.redenoticia.com.br\/noticia\/wp-json\/wp\/v2\/tags?post=17789"}],"curies":[{"name":"wp","href":"https:\/\/api.w.org\/{rel}","templated":true}]}}