{"id":17801,"date":"2009-11-18T23:06:40","date_gmt":"2009-11-19T03:06:40","guid":{"rendered":"http:\/\/www.redenoticia.com.br\/noticia\/?p=17801"},"modified":"2009-11-21T18:36:56","modified_gmt":"2009-11-21T22:36:56","slug":"rede-record-idolos-2009-testa-paciencia-em-noite-de-eliminacao","status":"publish","type":"post","link":"https:\/\/migracao.redenoticia.com.br\/noticia\/2009\/rede-record-idolos-2009-testa-paciencia-em-noite-de-eliminacao\/17801","title":{"rendered":"Rede Record &#8211; \u00cddolos 2009 testa paci\u00eancia em noite de elimina\u00e7\u00e3o"},"content":{"rendered":"<p><strong><em><img loading=\"lazy\" decoding=\"async\" class=\"alignleft size-full wp-image-17802\" title=\"rede record idolos 2009\" src=\"https:\/\/migracao.redenoticia.com.br\/noticia\/imagens\/rede-record-idolos-2009.jpg\" alt=\"rede record idolos 2009\" width=\"300\" height=\"193\" srcset=\"https:\/\/migracao.redenoticia.com.br\/noticia\/imagens\/rede-record-idolos-2009.jpg 300w, https:\/\/migracao.redenoticia.com.br\/noticia\/imagens\/rede-record-idolos-2009-250x160.jpg 250w, https:\/\/migracao.redenoticia.com.br\/noticia\/imagens\/rede-record-idolos-2009-150x96.jpg 150w\" sizes=\"auto, (max-width: 300px) 100vw, 300px\" \/>Rede Record \u00cddolos 200<\/em><\/strong><strong><em>9<\/em><\/strong> \u2013 nesta quarta-feira (18\/11) Rodrigo Faro, apresentador do \u00cddolos 2009 Rede Record,\u00a0mais uma vez exagera no irritante e desnecess\u00e1rio suspense antes de anunciar o eliminado da noite. Na vers\u00e3o original, o suspense tamb\u00e9m existe para aumentar a vota\u00e7\u00e3o e a renda do programa, por\u00e9m, o tempo \u00e9 preenchido com apresenta\u00e7\u00f5es de cantores de sucesso, v\u00eddeo clip dos pr\u00f3prios \u00cddolos ou de outros vencedores, o que n\u00e3o acontece na Rede Record. \u00a0<\/p>\n<p>O programa \u00cddolos 2009 Rede Record desta noite come\u00e7ou com uma apresenta\u00e7\u00e3o de Wando com os finalistas, gravada ontem. Ap\u00f3s o intervalo o programa entrou ao vivo e o primeiro que foi parar na zona de perigo em \u00cddolos 2009 foi Marcos Paulo, o talento de Manaus. Depois a Mineira Dani e por \u00faltimo, depois de grande demora, Priscila de S\u00e3o Vicente.<\/p>\n<p>Rodrigo Faro antes de anunciar o eliminado mostrou uma composi\u00e7\u00e3o de merchandising e uma visita que os \u00eddolos 2009 Rede Record receberam. Dani foi a primeira a ser salva e depois Priscila. Por enquanto o amuleto dela, um ratinho de pel\u00facia chamado Jonas est\u00e1 dando certo.<\/p>\n<p>Marcos Paulo foi eliminado do programa \u00cddolos 2009 Rede Record mas saiu de cabe\u00e7a erguida, cantando uma \u00faltima m\u00fasica junto com os outros finalistas. Agora ficaram cinco grandes talentos e todas as elimina\u00e7\u00f5es ser\u00e3o dif\u00edceis, principalmente se o \u00cddolos 2009 continuar sem atra\u00e7\u00f5es para entreter o telespectador.<\/p>\n<p>Rede Record \u00cddolos 2009<\/p>\n<p>Comente esta mat\u00e9ria<\/p>\n","protected":false},"excerpt":{"rendered":"<p>Rede Record \u00cddolos 2009 \u2013 nesta quarta-feira (18\/11) Rodrigo Faro, apresentador do \u00cddolos 2009 Rede Record,\u00a0mais uma vez exagera no irritante e desnecess\u00e1rio suspense antes de anunciar o eliminado da noite. Na vers\u00e3o original, o suspense tamb\u00e9m existe para aumentar a vota\u00e7\u00e3o e a renda do programa, por\u00e9m, o tempo \u00e9 preenchido com apresenta\u00e7\u00f5es de [&hellip;]<\/p>\n","protected":false},"author":3,"featured_media":0,"comment_status":"open","ping_status":"open","sticky":false,"template":"","format":"standard","meta":{"tdm_status":"","tdm_grid_status":"","footnotes":""},"categories":[22,371,343],"tags":[],"class_list":{"0":"post-17801","1":"post","2":"type-post","3":"status-publish","4":"format-standard","6":"category-brasil","7":"category-rede-record","8":"category-televisao"},"_links":{"self":[{"href":"https:\/\/migracao.redenoticia.com.br\/noticia\/wp-json\/wp\/v2\/posts\/17801","targetHints":{"allow":["GET"]}}],"collection":[{"href":"https:\/\/migracao.redenoticia.com.br\/noticia\/wp-json\/wp\/v2\/posts"}],"about":[{"href":"https:\/\/migracao.redenoticia.com.br\/noticia\/wp-json\/wp\/v2\/types\/post"}],"author":[{"embeddable":true,"href":"https:\/\/migracao.redenoticia.com.br\/noticia\/wp-json\/wp\/v2\/users\/3"}],"replies":[{"embeddable":true,"href":"https:\/\/migracao.redenoticia.com.br\/noticia\/wp-json\/wp\/v2\/comments?post=17801"}],"version-history":[{"count":0,"href":"https:\/\/migracao.redenoticia.com.br\/noticia\/wp-json\/wp\/v2\/posts\/17801\/revisions"}],"wp:attachment":[{"href":"https:\/\/migracao.redenoticia.com.br\/noticia\/wp-json\/wp\/v2\/media?parent=17801"}],"wp:term":[{"taxonomy":"category","embeddable":true,"href":"https:\/\/migracao.redenoticia.com.br\/noticia\/wp-json\/wp\/v2\/categories?post=17801"},{"taxonomy":"post_tag","embeddable":true,"href":"https:\/\/migracao.redenoticia.com.br\/noticia\/wp-json\/wp\/v2\/tags?post=17801"}],"curies":[{"name":"wp","href":"https:\/\/api.w.org\/{rel}","templated":true}]}}