{"id":178014,"date":"2019-06-22T00:14:40","date_gmt":"2019-06-22T03:14:40","guid":{"rendered":"https:\/\/www.redenoticia.com.br\/noticia\/?p=178014"},"modified":"2019-06-22T00:14:46","modified_gmt":"2019-06-22T03:14:46","slug":"novela-a-dona-do-pedaco-chiclete-se-declara-para-vivi","status":"publish","type":"post","link":"https:\/\/migracao.redenoticia.com.br\/noticia\/2019\/novela-a-dona-do-pedaco-chiclete-se-declara-para-vivi\/178014","title":{"rendered":"Novela \u201cA Dona do Peda\u00e7o\u201d: Chiclete se declara para Vivi"},"content":{"rendered":"<p><strong><em><img loading=\"lazy\" decoding=\"async\" class=\"aligncenter size-large wp-image-176787\" src=\"https:\/\/migracao.redenoticia.com.br\/noticia\/imagens\/A-Dona-do-Pedaco-globo-06-310x300.jpg\" alt=\"\" width=\"310\" height=\"300\" srcset=\"https:\/\/migracao.redenoticia.com.br\/noticia\/imagens\/A-Dona-do-Pedaco-globo-06-310x300.jpg 310w, https:\/\/migracao.redenoticia.com.br\/noticia\/imagens\/A-Dona-do-Pedaco-globo-06-193x187.jpg 193w, https:\/\/migracao.redenoticia.com.br\/noticia\/imagens\/A-Dona-do-Pedaco-globo-06.jpg 608w\" sizes=\"auto, (max-width: 310px) 100vw, 310px\" \/><\/em><\/strong><\/p>\n<p><strong><em>Novela &#8220;A Dona do Peda\u00e7o\u201d:<\/em><\/strong> Chiclete (Sergio Guiz\u00e9) tem a miss\u00e3o de acabar com a vida da filha de Ot\u00e1vio (Jos\u00e9 de Abreu). Mas por causa de um mal-entendido, ele acha que a garota \u00e9 Kim (Monica Iozzi). Durante uma noite na balada, o justiceiro dos Ramirez mira na assessora e atira.<\/p>\n<p>Depois de atirar em dire\u00e7\u00e3o a Kim, Chiclete percebe que errou o alvo. Mas o disparo assusta a todos e causa p\u00e2nico nas pessoas que estavam curtindo a noite, entre elas, Vivi Guedes (Paolla Oliveira). A digital influencer fica assustada e acaba esbarrando em Chiclete, por quem sente uma forte atra\u00e7\u00e3o e j\u00e1 trocou alguns beijos.<\/p>\n<p>&#8220;Algu\u00e9m atirou na Kim, ou deu um tiro por dar&#8230; J\u00e1 vi o Camilo atirar, j\u00e1 ouvi esse som&#8230; a gente n\u00e3o tem mais seguran\u00e7a em lugar nenhum. \u00c9 muita viol\u00eancia nesse mundo&#8221;, ela desabafa. O rapaz puxa a loira e a abra\u00e7a. &#8220;N\u00e3o tem medo. Eu estou aqui, Vivi. Eu te protejo&#8221;, ele promete. Os dois trocam um longo beijo e v\u00e3o para o motel. O clima esquenta e ela confessa: &#8220;Tudo isso aconteceu t\u00e3o de repente, t\u00e3o&#8230;&#8221;<\/p>\n<p>&#8220;Pra mim n\u00e3o foi de repente. Desde que a gente se encontrou pela primeira vez, eu sabia. Voc\u00ea \u00e9 a mulher da minha vida.&#8221; Vivi acha gra\u00e7a e diz que eles mal se conhecem, mas Chiclete deixa claro que n\u00e3o est\u00e1 de brincadeira: &#8220;\u00c9 suficiente pra saber que quero voc\u00ea pra toda vida.&#8221;<\/p>\n<p>Sinopse \u201cA Dona do Peda\u00e7o\u201d: a novela enaltece a trajet\u00f3ria de Maria da Paz (Juliana Paes), uma jovem humilde, da cidade fict\u00edcia de Rio Vermelho, no Esp\u00edrito Santo. Maria vem de uma fam\u00edlia de justiceiros profissionais, os Ramirez, e se apaixona justamente por Amadeu (Marcos Palmeira), advogado formado em Vit\u00f3ria e membro do cl\u00e3 rival nos neg\u00f3cios, os Matheus. A trama, dividida em um pr\u00f3logo e duas fases, traz uma hist\u00f3ria de amor com elementos \u00e0 Romeu e Julieta, sem perder o humor, que permeia todo o folhetim.<\/p>\n","protected":false},"excerpt":{"rendered":"<p>Novela &#8220;A Dona do Peda\u00e7o\u201d: Chiclete (Sergio Guiz\u00e9) tem a miss\u00e3o de acabar com a vida da filha de Ot\u00e1vio (Jos\u00e9 de Abreu). Mas por causa de um mal-entendido, ele acha que a garota \u00e9 Kim (Monica Iozzi). Durante uma noite na balada, o justiceiro dos Ramirez mira na assessora e atira. Depois de atirar [&hellip;]<\/p>\n","protected":false},"author":2,"featured_media":177935,"comment_status":"open","ping_status":"closed","sticky":false,"template":"","format":"standard","meta":{"tdm_status":"","tdm_grid_status":"","footnotes":""},"categories":[543,388,379,375,343],"tags":[440],"class_list":{"0":"post-178014","1":"post","2":"type-post","3":"status-publish","4":"format-standard","5":"has-post-thumbnail","7":"category-a-dona-do-pedaco","8":"category-destaques","9":"category-novelas","10":"category-rede-globo","11":"category-televisao","12":"tag-noticia-novela"},"_links":{"self":[{"href":"https:\/\/migracao.redenoticia.com.br\/noticia\/wp-json\/wp\/v2\/posts\/178014","targetHints":{"allow":["GET"]}}],"collection":[{"href":"https:\/\/migracao.redenoticia.com.br\/noticia\/wp-json\/wp\/v2\/posts"}],"about":[{"href":"https:\/\/migracao.redenoticia.com.br\/noticia\/wp-json\/wp\/v2\/types\/post"}],"author":[{"embeddable":true,"href":"https:\/\/migracao.redenoticia.com.br\/noticia\/wp-json\/wp\/v2\/users\/2"}],"replies":[{"embeddable":true,"href":"https:\/\/migracao.redenoticia.com.br\/noticia\/wp-json\/wp\/v2\/comments?post=178014"}],"version-history":[{"count":0,"href":"https:\/\/migracao.redenoticia.com.br\/noticia\/wp-json\/wp\/v2\/posts\/178014\/revisions"}],"wp:featuredmedia":[{"embeddable":true,"href":"https:\/\/migracao.redenoticia.com.br\/noticia\/wp-json\/wp\/v2\/media\/177935"}],"wp:attachment":[{"href":"https:\/\/migracao.redenoticia.com.br\/noticia\/wp-json\/wp\/v2\/media?parent=178014"}],"wp:term":[{"taxonomy":"category","embeddable":true,"href":"https:\/\/migracao.redenoticia.com.br\/noticia\/wp-json\/wp\/v2\/categories?post=178014"},{"taxonomy":"post_tag","embeddable":true,"href":"https:\/\/migracao.redenoticia.com.br\/noticia\/wp-json\/wp\/v2\/tags?post=178014"}],"curies":[{"name":"wp","href":"https:\/\/api.w.org\/{rel}","templated":true}]}}