{"id":178024,"date":"2019-06-22T18:46:14","date_gmt":"2019-06-22T21:46:14","guid":{"rendered":"https:\/\/www.redenoticia.com.br\/noticia\/?p=178024"},"modified":"2019-06-22T18:46:19","modified_gmt":"2019-06-22T21:46:19","slug":"resumo-novela-a-dona-24-06-leonor-insulta-isabel","status":"publish","type":"post","link":"https:\/\/migracao.redenoticia.com.br\/noticia\/2019\/resumo-novela-a-dona-24-06-leonor-insulta-isabel\/178024","title":{"rendered":"Resumo novela \u201cA Dona\u201d 24\/06: Leonor insulta Isabel"},"content":{"rendered":"<p><img loading=\"lazy\" decoding=\"async\" class=\"aligncenter size-large wp-image-173633\" src=\"https:\/\/migracao.redenoticia.com.br\/noticia\/imagens\/a-dona-270x300.jpg\" alt=\"\" width=\"270\" height=\"300\" srcset=\"https:\/\/migracao.redenoticia.com.br\/noticia\/imagens\/a-dona-270x300.jpg 270w, https:\/\/migracao.redenoticia.com.br\/noticia\/imagens\/a-dona-168x187.jpg 168w, https:\/\/migracao.redenoticia.com.br\/noticia\/imagens\/a-dona.jpg 380w\" sizes=\"auto, (max-width: 270px) 100vw, 270px\" \/>Resumo da novela <strong><em>\u201cA Dona&#8221;<\/em><\/strong> em 24\/06: no cap\u00edtulo 061(*) da novela, segunda-feira, 24 de junho, Jos\u00e9 Miguel se surpreende quando Hor\u00e1cio o diz que Valentina ateou fogo em sua cabana. Frederico diz a Isabel que logo morrer\u00e1 e que nesta vida n\u00e3o puderam ficar juntos, mas espera que na pr\u00f3xima possam estar unidos para eternidade. Frederico pede um beijo a Isabel. Ela o d\u00e1 e Leonor os observa ao longe, surpreendida. Leonor, furiosa, insulta Isabel e a adverte que se vingar\u00e1 onde mais a d\u00f3i. Frederico diz a Leonor que se casar com ela foi o pior erro de sua vida e que ele vai morrer longe dela.<\/p>\n<p>Sabino diz a Jo\u00e3o que segundo Ivana, Valentina foi quem ordenou Rodrigo a envenenar o gado de Jos\u00e9 Miguel, e que desta vez, se isso for verdade, ele dever\u00e1 pensar com a cabe\u00e7a e n\u00e3o com o cora\u00e7\u00e3o, pois \u00e9 necess\u00e1rio denunci\u00e1-la. Jesus surpreende Rodrigo circulando a Fazenda Montesinos e Rodrigo diz ao garoto que se ele contar o que viu acontecer\u00e1 algo muito ruim com seus pais. Valentina pede perd\u00e3o a Benita pela forma como a tratou. Benita responde que n\u00e3o tem nada que perdo\u00e1-la, pois ela tem a raz\u00e3o: ela realmente n\u00e3o passa de uma empregada e promete que jamais voltar\u00e1 a intervir nos assuntos de Valentina, nem para o bem, muito menos para o mal.<\/p>\n<p>Leonor diz a Ivana que encontrou sua m\u00e3e na cama aos beijos com Frederico. Gabriela tenta convencer Valentina a resolver as coisas com Jos\u00e9 Miguel, que talvez nem ele tenha conhecido a exist\u00eancia desse filho, diante da negativa de Valentina, Gabriela diz que achava que ela era sensata, mas estava errada. Ivana fingindo estar ofendida da suposta imoralidade de sua m\u00e3e, decide ir viver na fazenda Montesinos. Gabriela se decepciona quando Felipe fala, perante Sandra, que entre eles nunca houve nenhuma rela\u00e7\u00e3o, apenas amizade. Jos\u00e9 Miguel se surpreende ao ver Marc\u00e9lia na central de \u00f4nibus.<\/p>\n<p>(*) edi\u00e7\u00e3o do SBT, Novela \u201cA Dona\u201d, sujeito a altera\u00e7\u00e3o de data e conte\u00fado.<\/p>\n<p>Destaques<\/p>\n<p>&#8220;A Dona&#8221; &#8211; Valentina Vila\u00e7a (Lucero) \u00e9 uma mulher que tem uma grande fortuna, que seus pais deixaram para ela quando morreram em um acidente de carro. Ela tem uma mans\u00e3o na Cidade do M\u00e9xico, onde vive com sua tia Isabel Rangel de Dorantes (Silvia Pinal), e sua prima Ivana Dorantes Rangel (Gabriela Spanic) que trata Valentina com muita indiferen\u00e7a e sente inveja dela.<\/p>\n<p>Tudo muda para Valentina quando seu noivo Alonso Penalva (David Zepeda), tramando com Ivana no dia de seu casamento, a deixa esperando no altar. A partir da\u00ed, Valentina se torna uma mulher amarga, e vai para sua fazenda, no interior. Chegando l\u00e1, ela conhece seu vizinho Jos\u00e9 Miguel Montesinos (Fernando Colunga).<\/p>\n","protected":false},"excerpt":{"rendered":"<p>Resumo da novela \u201cA Dona&#8221; em 24\/06: no cap\u00edtulo 061(*) da novela, segunda-feira, 24 de junho, Jos\u00e9 Miguel se surpreende quando Hor\u00e1cio o diz que Valentina ateou fogo em sua cabana. Frederico diz a Isabel que logo morrer\u00e1 e que nesta vida n\u00e3o puderam ficar juntos, mas espera que na pr\u00f3xima possam estar unidos para [&hellip;]<\/p>\n","protected":false},"author":2,"featured_media":173626,"comment_status":"open","ping_status":"closed","sticky":false,"template":"","format":"standard","meta":{"tdm_status":"","tdm_grid_status":"","footnotes":""},"categories":[379,372,343],"tags":[441],"class_list":{"0":"post-178024","1":"post","2":"type-post","3":"status-publish","4":"format-standard","5":"has-post-thumbnail","7":"category-novelas","8":"category-sbt","9":"category-televisao","10":"tag-resumo-do-dia"},"_links":{"self":[{"href":"https:\/\/migracao.redenoticia.com.br\/noticia\/wp-json\/wp\/v2\/posts\/178024","targetHints":{"allow":["GET"]}}],"collection":[{"href":"https:\/\/migracao.redenoticia.com.br\/noticia\/wp-json\/wp\/v2\/posts"}],"about":[{"href":"https:\/\/migracao.redenoticia.com.br\/noticia\/wp-json\/wp\/v2\/types\/post"}],"author":[{"embeddable":true,"href":"https:\/\/migracao.redenoticia.com.br\/noticia\/wp-json\/wp\/v2\/users\/2"}],"replies":[{"embeddable":true,"href":"https:\/\/migracao.redenoticia.com.br\/noticia\/wp-json\/wp\/v2\/comments?post=178024"}],"version-history":[{"count":0,"href":"https:\/\/migracao.redenoticia.com.br\/noticia\/wp-json\/wp\/v2\/posts\/178024\/revisions"}],"wp:featuredmedia":[{"embeddable":true,"href":"https:\/\/migracao.redenoticia.com.br\/noticia\/wp-json\/wp\/v2\/media\/173626"}],"wp:attachment":[{"href":"https:\/\/migracao.redenoticia.com.br\/noticia\/wp-json\/wp\/v2\/media?parent=178024"}],"wp:term":[{"taxonomy":"category","embeddable":true,"href":"https:\/\/migracao.redenoticia.com.br\/noticia\/wp-json\/wp\/v2\/categories?post=178024"},{"taxonomy":"post_tag","embeddable":true,"href":"https:\/\/migracao.redenoticia.com.br\/noticia\/wp-json\/wp\/v2\/tags?post=178024"}],"curies":[{"name":"wp","href":"https:\/\/api.w.org\/{rel}","templated":true}]}}