{"id":178069,"date":"2019-06-28T22:00:08","date_gmt":"2019-06-29T01:00:08","guid":{"rendered":"https:\/\/www.redenoticia.com.br\/noticia\/?p=178069"},"modified":"2019-06-28T23:13:07","modified_gmt":"2019-06-29T02:13:07","slug":"novela-a-dona-do-pedaco-vivi-e-maria-disputam-o-mesmo-vestido-de-noiva","status":"publish","type":"post","link":"https:\/\/migracao.redenoticia.com.br\/noticia\/2019\/novela-a-dona-do-pedaco-vivi-e-maria-disputam-o-mesmo-vestido-de-noiva\/178069","title":{"rendered":"Novela \u201cA Dona do Peda\u00e7o\u201d: Vivi desiste do vestido de noiva"},"content":{"rendered":"<p><strong><em><img loading=\"lazy\" decoding=\"async\" class=\"aligncenter size-large wp-image-175347\" src=\"https:\/\/migracao.redenoticia.com.br\/noticia\/imagens\/A-Dona-do-Pedaco-globo-261x300.jpg\" alt=\"\" width=\"261\" height=\"300\" srcset=\"https:\/\/migracao.redenoticia.com.br\/noticia\/imagens\/A-Dona-do-Pedaco-globo-261x300.jpg 261w, https:\/\/migracao.redenoticia.com.br\/noticia\/imagens\/A-Dona-do-Pedaco-globo-163x187.jpg 163w, https:\/\/migracao.redenoticia.com.br\/noticia\/imagens\/A-Dona-do-Pedaco-globo.jpg 600w\" sizes=\"auto, (max-width: 261px) 100vw, 261px\" \/><\/em><\/strong><\/p>\n<p><strong><em>Novela &#8220;A Dona do Peda\u00e7o\u201d:<\/em><\/strong> Maria (Juliana Paes) aceita se casar com R\u00e9gis (Reynaldo Gianecchini). Em um jantar organizado por Beatriz (Nat\u00e1lia do Vale), Maria da Paz flagra Vivi (Paolla Oliveira) lhe chamando de brega e vulgar: &#8220;N\u00e3o precisa ofender com grossura. D\u00e1 licen\u00e7a, R\u00e9gis. Tou com o cora\u00e7\u00e3o dolorido. C\u00eas me desculpem. Mas eu tenho que ir&#8221;. Vivi pede desculpa e insinua que R\u00e9gis \u00e9 pobre e interesseiro.<\/p>\n<p>Dias depois, Maria sai para comprar seu vestido de noiva e visita o mesmo ateli\u00ea em que Vivi encomendou o seu vestido. A empres\u00e1ria se encanta: &#8220;D\u00e1 licen\u00e7a. Eu vim escolher meu vestido de casamento. Gostei desse aqui. C\u00ea \u00e9 o costureiro? Quero um igual&#8221;. Vivi entra e dispara: &#8220;N\u00e3o vai fazer um vestido igual o meu. Este aqui \u00e9 exclusivo. O Jacques desenhou pra mim&#8221;.<\/p>\n<p>Evelina (N\u00edvea Maria) pergunta se as duas j\u00e1 se conhecem e Maria explica: &#8220;O suficiente pra saber que ela devia usar luto no casamento. O R\u00e9gis n\u00e3o \u00e9 quem voc\u00ea pensa &#8230; Pra mim, isso que c\u00ea disse \u00e9 veneno, puro veneno. C\u00ea n\u00e3o passa de uma garota riquinha. Mimada!&#8221;. Maria sai do local e escolhe seu vestido em uma loja popular. Vivi discute com o estilista: &#8220;Eu n\u00e3o quero mais esse vestido&#8221;. Cena prevista para dia 29 na novela \u201cA Dona do Peda\u00e7o\u201d.<\/p>\n<p>Sinopse \u201cA Dona do Peda\u00e7o\u201d: a novela enaltece a trajet\u00f3ria de Maria da Paz (Juliana Paes), uma jovem humilde, da cidade fict\u00edcia de Rio Vermelho, no Esp\u00edrito Santo. Maria vem de uma fam\u00edlia de justiceiros profissionais, os Ramirez, e se apaixona justamente por Amadeu (Marcos Palmeira), advogado formado em Vit\u00f3ria e membro do cl\u00e3 rival nos neg\u00f3cios, os Matheus. A trama, dividida em um pr\u00f3logo e duas fases, traz uma hist\u00f3ria de amor com elementos \u00e0 Romeu e Julieta, sem perder o humor, que permeia todo o folhetim.<\/p>\n","protected":false},"excerpt":{"rendered":"<p>Novela &#8220;A Dona do Peda\u00e7o\u201d: Maria (Juliana Paes) aceita se casar com R\u00e9gis (Reynaldo Gianecchini). Em um jantar organizado por Beatriz (Nat\u00e1lia do Vale), Maria da Paz flagra Vivi (Paolla Oliveira) lhe chamando de brega e vulgar: &#8220;N\u00e3o precisa ofender com grossura. D\u00e1 licen\u00e7a, R\u00e9gis. Tou com o cora\u00e7\u00e3o dolorido. C\u00eas me desculpem. Mas eu [&hellip;]<\/p>\n","protected":false},"author":2,"featured_media":176787,"comment_status":"open","ping_status":"closed","sticky":false,"template":"","format":"standard","meta":{"tdm_status":"","tdm_grid_status":"","footnotes":""},"categories":[543,388,379,375,343],"tags":[440],"class_list":{"0":"post-178069","1":"post","2":"type-post","3":"status-publish","4":"format-standard","5":"has-post-thumbnail","7":"category-a-dona-do-pedaco","8":"category-destaques","9":"category-novelas","10":"category-rede-globo","11":"category-televisao","12":"tag-noticia-novela"},"_links":{"self":[{"href":"https:\/\/migracao.redenoticia.com.br\/noticia\/wp-json\/wp\/v2\/posts\/178069","targetHints":{"allow":["GET"]}}],"collection":[{"href":"https:\/\/migracao.redenoticia.com.br\/noticia\/wp-json\/wp\/v2\/posts"}],"about":[{"href":"https:\/\/migracao.redenoticia.com.br\/noticia\/wp-json\/wp\/v2\/types\/post"}],"author":[{"embeddable":true,"href":"https:\/\/migracao.redenoticia.com.br\/noticia\/wp-json\/wp\/v2\/users\/2"}],"replies":[{"embeddable":true,"href":"https:\/\/migracao.redenoticia.com.br\/noticia\/wp-json\/wp\/v2\/comments?post=178069"}],"version-history":[{"count":0,"href":"https:\/\/migracao.redenoticia.com.br\/noticia\/wp-json\/wp\/v2\/posts\/178069\/revisions"}],"wp:featuredmedia":[{"embeddable":true,"href":"https:\/\/migracao.redenoticia.com.br\/noticia\/wp-json\/wp\/v2\/media\/176787"}],"wp:attachment":[{"href":"https:\/\/migracao.redenoticia.com.br\/noticia\/wp-json\/wp\/v2\/media?parent=178069"}],"wp:term":[{"taxonomy":"category","embeddable":true,"href":"https:\/\/migracao.redenoticia.com.br\/noticia\/wp-json\/wp\/v2\/categories?post=178069"},{"taxonomy":"post_tag","embeddable":true,"href":"https:\/\/migracao.redenoticia.com.br\/noticia\/wp-json\/wp\/v2\/tags?post=178069"}],"curies":[{"name":"wp","href":"https:\/\/api.w.org\/{rel}","templated":true}]}}