{"id":178084,"date":"2019-06-24T15:54:12","date_gmt":"2019-06-24T18:54:12","guid":{"rendered":"https:\/\/www.redenoticia.com.br\/noticia\/?p=178084"},"modified":"2019-06-24T15:54:16","modified_gmt":"2019-06-24T18:54:16","slug":"resumo-novela-as-aventuras-de-poliana-25-06-em-reuniao-roger-faz-acusacoes-sobre-pendleton","status":"publish","type":"post","link":"https:\/\/migracao.redenoticia.com.br\/noticia\/2019\/resumo-novela-as-aventuras-de-poliana-25-06-em-reuniao-roger-faz-acusacoes-sobre-pendleton\/178084","title":{"rendered":"Resumo novela \u201cAs Aventuras de Poliana\u201d 25\/06: Em reuni\u00e3o, Roger faz acusa\u00e7\u00f5es sobre Pendleton"},"content":{"rendered":"<p><strong><em><img loading=\"lazy\" decoding=\"async\" class=\"aligncenter size-large wp-image-148662\" src=\"https:\/\/migracao.redenoticia.com.br\/noticia\/imagens\/as-aventuras-de-poliana-novela-400x267.jpg\" alt=\"\" width=\"400\" height=\"267\" srcset=\"https:\/\/migracao.redenoticia.com.br\/noticia\/imagens\/as-aventuras-de-poliana-novela-400x267.jpg 400w, https:\/\/migracao.redenoticia.com.br\/noticia\/imagens\/as-aventuras-de-poliana-novela-250x167.jpg 250w, https:\/\/migracao.redenoticia.com.br\/noticia\/imagens\/as-aventuras-de-poliana-novela-150x100.jpg 150w, https:\/\/migracao.redenoticia.com.br\/noticia\/imagens\/as-aventuras-de-poliana-novela.jpg 600w\" sizes=\"auto, (max-width: 400px) 100vw, 400px\" \/>Resumo novela \u201cAs Aventuras de Poliana\u201d 25\/06 <\/em><\/strong>: no cap\u00edtulo 290(*) da novela, resumo de ter\u00e7a-feira, 25 de junho, durante uma v\u00eddeoconfer\u00eancia com os acionistas da 0110, Roger faz acusa\u00e7\u00f5es sobre Pendleton. Nancy se encontra com Walter Elias novamente. Poliana desabafa com Luisa sobre Jo\u00e3o e Bento. Filipa pede ao pai para ser garota propaganda do jogo Vetherna. Waldisney encontra Nancy e Walter Elias juntos, e faz um esc\u00e2ndalo. Desconfiada de que D\u00e9bora possa fazer algo de ruim, Luisa tranca o quarto de Poliana durante a noite. Waldisney descobre que Walter Elias na verdade \u00e9 Falc\u00e3o.Marcelo desconfia de que algu\u00e9m tenha entrado em sua casa, Jo\u00e3o desconversa. D\u00e9bora provoca Luisa com perguntas sobre Marcelo. Z\u00f3io esquece sua corrente de ouro na casa de Jo\u00e3o.<\/p>\n<p>Gleyce descobre que Arlete usou o dinheiro doado a ela para fazer compras pessoais. Mirela diz aos pais que sente vergonha deles. Hugo e Eric pressionam Luigi para ele conseguir informa\u00e7\u00f5es sobre o jogo com seus pais. Pendleton prop\u00f5e a Ruth que implemente inova\u00e7\u00f5es tecnol\u00f3gicas na escola, e a diretora fica receosa com as mudan\u00e7as. Poliana explica o jogo do contente a Lindomar. Durval pede que Fernanda divida as despesas de casa com ele. Hel\u00f4 e Luisa decidem conversar com Ruth sobre os avan\u00e7os na escola. Waldisney desconfia que Roger tenha pedido para Nadine invadir o computador de S\u00e9rgio.<\/p>\n<p>(*) edi\u00e7\u00e3o do SBT, Novela \u201cAs Aventuras de Poliana\u201d, sujeito a altera\u00e7\u00e3o de data e conte\u00fado.<\/p>\n<p>Poliana \u00e9 uma menina extrovertida e de bom cora\u00e7\u00e3o que viajava o Brasil com seus pais, Lorenzo e Alice, no grupo circense Trupe Vagalume. Aos onze anos a garota v\u00ea seu mundo desabar quando seus pais falecem e ela tem que ir morar em S\u00e3o Paulo com sua tia Lu\u00edsa, uma mulher rica e severa, a qual ela n\u00e3o conhecia e que n\u00e3o queria cuidar dela, embora sinta que \u00e9 sua obriga\u00e7\u00e3o pela alma de sua irm\u00e3. Apesar do jeito da rigidez da tia, Poliana decide ter uma vis\u00e3o positiva e inabal\u00e1vel da vida, mesmo nos momentos de dificuldade, tentando levar um pouco de felicidade para a vida de cada um dos seus novos amigos e vizinhos, como o Sr. Pendleton, um homem rico e infeliz por nunca ter tido filhos. Ela vai estudar no col\u00e9gio de Ruth, uma diretora de bom cora\u00e7\u00e3o que a ajuda a se adaptar, mas tem que lidar com as vilanias de Mirela, garota mais velha que n\u00e3o aceita perder a popularidade para uma novata.<\/p>\n","protected":false},"excerpt":{"rendered":"<p>Resumo novela \u201cAs Aventuras de Poliana\u201d 25\/06 : no cap\u00edtulo 290(*) da novela, resumo de ter\u00e7a-feira, 25 de junho, durante uma v\u00eddeoconfer\u00eancia com os acionistas da 0110, Roger faz acusa\u00e7\u00f5es sobre Pendleton. Nancy se encontra com Walter Elias novamente. Poliana desabafa com Luisa sobre Jo\u00e3o e Bento. Filipa pede ao pai para ser garota propaganda [&hellip;]<\/p>\n","protected":false},"author":4,"featured_media":148663,"comment_status":"open","ping_status":"closed","sticky":false,"template":"","format":"standard","meta":{"tdm_status":"","tdm_grid_status":"","footnotes":""},"categories":[477,379,372,343],"tags":[441],"class_list":{"0":"post-178084","1":"post","2":"type-post","3":"status-publish","4":"format-standard","5":"has-post-thumbnail","7":"category-as-aventuras-de-poliana","8":"category-novelas","9":"category-sbt","10":"category-televisao","11":"tag-resumo-do-dia"},"_links":{"self":[{"href":"https:\/\/migracao.redenoticia.com.br\/noticia\/wp-json\/wp\/v2\/posts\/178084","targetHints":{"allow":["GET"]}}],"collection":[{"href":"https:\/\/migracao.redenoticia.com.br\/noticia\/wp-json\/wp\/v2\/posts"}],"about":[{"href":"https:\/\/migracao.redenoticia.com.br\/noticia\/wp-json\/wp\/v2\/types\/post"}],"author":[{"embeddable":true,"href":"https:\/\/migracao.redenoticia.com.br\/noticia\/wp-json\/wp\/v2\/users\/4"}],"replies":[{"embeddable":true,"href":"https:\/\/migracao.redenoticia.com.br\/noticia\/wp-json\/wp\/v2\/comments?post=178084"}],"version-history":[{"count":0,"href":"https:\/\/migracao.redenoticia.com.br\/noticia\/wp-json\/wp\/v2\/posts\/178084\/revisions"}],"wp:featuredmedia":[{"embeddable":true,"href":"https:\/\/migracao.redenoticia.com.br\/noticia\/wp-json\/wp\/v2\/media\/148663"}],"wp:attachment":[{"href":"https:\/\/migracao.redenoticia.com.br\/noticia\/wp-json\/wp\/v2\/media?parent=178084"}],"wp:term":[{"taxonomy":"category","embeddable":true,"href":"https:\/\/migracao.redenoticia.com.br\/noticia\/wp-json\/wp\/v2\/categories?post=178084"},{"taxonomy":"post_tag","embeddable":true,"href":"https:\/\/migracao.redenoticia.com.br\/noticia\/wp-json\/wp\/v2\/tags?post=178084"}],"curies":[{"name":"wp","href":"https:\/\/api.w.org\/{rel}","templated":true}]}}