{"id":178157,"date":"2019-06-25T15:40:21","date_gmt":"2019-06-25T18:40:21","guid":{"rendered":"https:\/\/www.redenoticia.com.br\/noticia\/?p=178157"},"modified":"2019-06-25T15:40:27","modified_gmt":"2019-06-25T18:40:27","slug":"resumo-novela-as-aventuras-de-poliana-26-06-marcelo-encontra-luisa-na-casa-de-pendleton","status":"publish","type":"post","link":"https:\/\/migracao.redenoticia.com.br\/noticia\/2019\/resumo-novela-as-aventuras-de-poliana-26-06-marcelo-encontra-luisa-na-casa-de-pendleton\/178157","title":{"rendered":"Resumo novela \u201cAs Aventuras de Poliana\u201d 26\/06: Marcelo encontra Luisa na casa de Pendleton"},"content":{"rendered":"<p><strong><em><img loading=\"lazy\" decoding=\"async\" class=\"aligncenter size-large wp-image-148662\" src=\"https:\/\/migracao.redenoticia.com.br\/noticia\/imagens\/as-aventuras-de-poliana-novela-400x267.jpg\" alt=\"\" width=\"400\" height=\"267\" srcset=\"https:\/\/migracao.redenoticia.com.br\/noticia\/imagens\/as-aventuras-de-poliana-novela-400x267.jpg 400w, https:\/\/migracao.redenoticia.com.br\/noticia\/imagens\/as-aventuras-de-poliana-novela-250x167.jpg 250w, https:\/\/migracao.redenoticia.com.br\/noticia\/imagens\/as-aventuras-de-poliana-novela-150x100.jpg 150w, https:\/\/migracao.redenoticia.com.br\/noticia\/imagens\/as-aventuras-de-poliana-novela.jpg 600w\" sizes=\"auto, (max-width: 400px) 100vw, 400px\" \/>Resumo novela \u201cAs Aventuras de Poliana\u201d 26\/06 <\/em><\/strong>: no cap\u00edtulo 291(*) da novela, resumo de quarta-feira, 26 de junho, Lindomar \u00e9 flagrado por Ruth ensinando samba \u00e0s crian\u00e7as e leva uma bronca. Na aula de Marcelo, a classe inicia o trabalho com o tema programa de TV. Gabi \u00e9 a apresentadora do programa entitulado \u201cCaos de Fam\u00edlia\u201d e Luca e Mirela s\u00e3o os entrevistados. Em reuni\u00e3o, Pendleton decide que os filhos dos funcion\u00e1rios da 0110 n\u00e3o poder\u00e3o participar do Campo de F\u00e9rias. Com o aval de Ruth, Luisa fica respons\u00e1vel por mediar as medidas de Pendleton na escola. Arrependida, Mirela pede perd\u00e3o aos pais pelo jeito que os tratou.<\/p>\n<p>Gleyce acompanha Kessya em seu ensaio fotogr\u00e1fico, mas desconfia de que tenha algo errado. Sem contar para Marcelo, Luisa se encontra com Pendleton para falar sobre as mudan\u00e7as na escola. A casa de Arlete fica pronta, e a familia retorna ao lar. Marcelo aparece na casa de Pendleton para confronta-lo e encontra com Luisa. Fernanda e Durval decidem que um dos dois ter\u00e1 que sair de casa. Falc\u00e3o decide ficar um tempo longe da vizinhan\u00e7a at\u00e9 que os \u00e2nimos de Rato se acalmem. Jo\u00e3o conhece os pais de Mirela, e toca modas de viola com o casal. Pendleton diz que tem algo a mostrar para Marcelo e Luisa, e os surpreende com uma novidade.<\/p>\n<p>(*) edi\u00e7\u00e3o do SBT, Novela \u201cAs Aventuras de Poliana\u201d, sujeito a altera\u00e7\u00e3o de data e conte\u00fado.<\/p>\n<p>Poliana \u00e9 uma menina extrovertida e de bom cora\u00e7\u00e3o que viajava o Brasil com seus pais, Lorenzo e Alice, no grupo circense Trupe Vagalume. Aos onze anos a garota v\u00ea seu mundo desabar quando seus pais falecem e ela tem que ir morar em S\u00e3o Paulo com sua tia Lu\u00edsa, uma mulher rica e severa, a qual ela n\u00e3o conhecia e que n\u00e3o queria cuidar dela, embora sinta que \u00e9 sua obriga\u00e7\u00e3o pela alma de sua irm\u00e3. Apesar do jeito da rigidez da tia, Poliana decide ter uma vis\u00e3o positiva e inabal\u00e1vel da vida, mesmo nos momentos de dificuldade, tentando levar um pouco de felicidade para a vida de cada um dos seus novos amigos e vizinhos, como o Sr. Pendleton, um homem rico e infeliz por nunca ter tido filhos. Ela vai estudar no col\u00e9gio de Ruth, uma diretora de bom cora\u00e7\u00e3o que a ajuda a se adaptar, mas tem que lidar com as vilanias de Mirela, garota mais velha que n\u00e3o aceita perder a popularidade para uma novata.<\/p>\n","protected":false},"excerpt":{"rendered":"<p>Resumo novela \u201cAs Aventuras de Poliana\u201d 26\/06 : no cap\u00edtulo 291(*) da novela, resumo de quarta-feira, 26 de junho, Lindomar \u00e9 flagrado por Ruth ensinando samba \u00e0s crian\u00e7as e leva uma bronca. Na aula de Marcelo, a classe inicia o trabalho com o tema programa de TV. Gabi \u00e9 a apresentadora do programa entitulado \u201cCaos [&hellip;]<\/p>\n","protected":false},"author":4,"featured_media":148663,"comment_status":"open","ping_status":"closed","sticky":false,"template":"","format":"standard","meta":{"tdm_status":"","tdm_grid_status":"","footnotes":""},"categories":[477,379,372,343],"tags":[441],"class_list":{"0":"post-178157","1":"post","2":"type-post","3":"status-publish","4":"format-standard","5":"has-post-thumbnail","7":"category-as-aventuras-de-poliana","8":"category-novelas","9":"category-sbt","10":"category-televisao","11":"tag-resumo-do-dia"},"_links":{"self":[{"href":"https:\/\/migracao.redenoticia.com.br\/noticia\/wp-json\/wp\/v2\/posts\/178157","targetHints":{"allow":["GET"]}}],"collection":[{"href":"https:\/\/migracao.redenoticia.com.br\/noticia\/wp-json\/wp\/v2\/posts"}],"about":[{"href":"https:\/\/migracao.redenoticia.com.br\/noticia\/wp-json\/wp\/v2\/types\/post"}],"author":[{"embeddable":true,"href":"https:\/\/migracao.redenoticia.com.br\/noticia\/wp-json\/wp\/v2\/users\/4"}],"replies":[{"embeddable":true,"href":"https:\/\/migracao.redenoticia.com.br\/noticia\/wp-json\/wp\/v2\/comments?post=178157"}],"version-history":[{"count":0,"href":"https:\/\/migracao.redenoticia.com.br\/noticia\/wp-json\/wp\/v2\/posts\/178157\/revisions"}],"wp:featuredmedia":[{"embeddable":true,"href":"https:\/\/migracao.redenoticia.com.br\/noticia\/wp-json\/wp\/v2\/media\/148663"}],"wp:attachment":[{"href":"https:\/\/migracao.redenoticia.com.br\/noticia\/wp-json\/wp\/v2\/media?parent=178157"}],"wp:term":[{"taxonomy":"category","embeddable":true,"href":"https:\/\/migracao.redenoticia.com.br\/noticia\/wp-json\/wp\/v2\/categories?post=178157"},{"taxonomy":"post_tag","embeddable":true,"href":"https:\/\/migracao.redenoticia.com.br\/noticia\/wp-json\/wp\/v2\/tags?post=178157"}],"curies":[{"name":"wp","href":"https:\/\/api.w.org\/{rel}","templated":true}]}}