{"id":178372,"date":"2019-06-29T18:31:36","date_gmt":"2019-06-29T21:31:36","guid":{"rendered":"https:\/\/www.redenoticia.com.br\/noticia\/?p=178372"},"modified":"2019-06-29T18:31:44","modified_gmt":"2019-06-29T21:31:44","slug":"resumo-novela-a-dona-01-07-miguel-descobre-que-valentina-emprestou-dinheiro-para-leonor","status":"publish","type":"post","link":"https:\/\/migracao.redenoticia.com.br\/noticia\/2019\/resumo-novela-a-dona-01-07-miguel-descobre-que-valentina-emprestou-dinheiro-para-leonor\/178372","title":{"rendered":"Resumo novela \u201cA Dona\u201d 01\/07: Miguel descobre que Valentina emprestou dinheiro para Leonor"},"content":{"rendered":"<p><img loading=\"lazy\" decoding=\"async\" class=\"aligncenter size-large wp-image-173633\" src=\"https:\/\/migracao.redenoticia.com.br\/noticia\/imagens\/a-dona-270x300.jpg\" alt=\"\" width=\"270\" height=\"300\" srcset=\"https:\/\/migracao.redenoticia.com.br\/noticia\/imagens\/a-dona-270x300.jpg 270w, https:\/\/migracao.redenoticia.com.br\/noticia\/imagens\/a-dona-168x187.jpg 168w, https:\/\/migracao.redenoticia.com.br\/noticia\/imagens\/a-dona.jpg 380w\" sizes=\"auto, (max-width: 270px) 100vw, 270px\" \/>Resumo da novela <strong><em>\u201cA Dona&#8221;<\/em><\/strong> em 01\/07: no cap\u00edtulo 066(*) da novela, segunda-feira, 01 de julho, Henriqueta, furiosa, adverte Felipe que caso ele volte a ver sua filha, espalhar\u00e1 boatos de que ele n\u00e3o \u00e9 um bom m\u00e9dico. Jos\u00e9 Miguel vai a cabana incendiada. Valentina pensa em sair para cavalgar e acaba saindo de pijama. Rodrigo a segue e Jos\u00e9 Miguel, ao v\u00ea-los, se d\u00e1 conta de que realmente Valentina e Rodrigo s\u00e3o amantes. Ivana se insinua a Jos\u00e9 Miguel. Ele fica tentado, mas recua. Moises diz a Jos\u00e9 Miguel que sua m\u00e3e pagou a hipoteca da fazenda gra\u00e7as a um empr\u00e9stimo que Valentina fez.<\/p>\n<p>Isabel se desculpa com Valentina por ter duvidado dela quanto a morte de Frederico. Valentina ordena a Rodrigo que contrate pessoas para derrubar a escola. Jos\u00e9 Miguel, furioso, diz a sua m\u00e3e que muitas vezes pediu a ela que jamais aceitasse dinheiro de Valentina mas, como ela n\u00e3o o ouviu, entregar\u00e1 a Valentina as escrituras da casa de Leonor na capital como pagamento pelo empr\u00e9stimo. Leonor diz que jamais permitir\u00e1 que ele d\u00ea a sua casa.<\/p>\n<p>Felipe diz a Mo\u00edses que tentou falar com Enriqueta, mas ela \u00e9 imposs\u00edvel; Ele afirma que n\u00e3o quer que Sandra tenha problemas com sua m\u00e3e, mas n\u00e3o desistir\u00e1 dela caso Enriqueta continue se opondo. Jos\u00e9 Miguel diz a Valentina que pagar\u00e1 at\u00e9 o \u00faltimo centavo da d\u00edvida pelo pagamento da hipoteca da fazenda ?Montesinos?, e enquanto n\u00e3o puder fazer o pagamento, deixar\u00e1 com ela as escrituras da casa de Leonor como garantia. Mois\u00e9s diz a Sandra que sua m\u00e3e est\u00e1 disposta a fazer o que precisar para evitar seu casamento com Felipe, mas ele n\u00e3o est\u00e1 de acordo com ela.<\/p>\n<p>Ivana insiste em convencer Jos\u00e9 Miguel de que Valentina segue apaixonada por Alonso. Alonso chega a fazenda ?Os Carac\u00f3is? para pedir perd\u00e3o a Valentina. Valentina responde que Alonso se superestima, pois talvez ela nunca estivesse assim t\u00e3o apaixonada por ele e que deixa-l\u00e1 no altar tenha sido um favor que ele fez. Alonso beija Valentina a for\u00e7a. Ela o esbofeteia.<\/p>\n<p>(*) edi\u00e7\u00e3o do SBT, Novela \u201cA Dona\u201d, sujeito a altera\u00e7\u00e3o de data e conte\u00fado.<\/p>\n<p>Destaques<\/p>\n<p>&#8220;A Dona&#8221; &#8211; Valentina Vila\u00e7a (Lucero) \u00e9 uma mulher que tem uma grande fortuna, que seus pais deixaram para ela quando morreram em um acidente de carro. Ela tem uma mans\u00e3o na Cidade do M\u00e9xico, onde vive com sua tia Isabel Rangel de Dorantes (Silvia Pinal), e sua prima Ivana Dorantes Rangel (Gabriela Spanic) que trata Valentina com muita indiferen\u00e7a e sente inveja dela.<\/p>\n<p>Tudo muda para Valentina quando seu noivo Alonso Penalva (David Zepeda), tramando com Ivana no dia de seu casamento, a deixa esperando no altar. A partir da\u00ed, Valentina se torna uma mulher amarga, e vai para sua fazenda, no interior. Chegando l\u00e1, ela conhece seu vizinho Jos\u00e9 Miguel Montesinos (Fernando Colunga).<\/p>\n","protected":false},"excerpt":{"rendered":"<p>Resumo da novela \u201cA Dona&#8221; em 01\/07: no cap\u00edtulo 066(*) da novela, segunda-feira, 01 de julho, Henriqueta, furiosa, adverte Felipe que caso ele volte a ver sua filha, espalhar\u00e1 boatos de que ele n\u00e3o \u00e9 um bom m\u00e9dico. Jos\u00e9 Miguel vai a cabana incendiada. Valentina pensa em sair para cavalgar e acaba saindo de pijama. [&hellip;]<\/p>\n","protected":false},"author":2,"featured_media":173626,"comment_status":"open","ping_status":"closed","sticky":false,"template":"","format":"standard","meta":{"tdm_status":"","tdm_grid_status":"","footnotes":""},"categories":[379,372,343],"tags":[441],"class_list":{"0":"post-178372","1":"post","2":"type-post","3":"status-publish","4":"format-standard","5":"has-post-thumbnail","7":"category-novelas","8":"category-sbt","9":"category-televisao","10":"tag-resumo-do-dia"},"_links":{"self":[{"href":"https:\/\/migracao.redenoticia.com.br\/noticia\/wp-json\/wp\/v2\/posts\/178372","targetHints":{"allow":["GET"]}}],"collection":[{"href":"https:\/\/migracao.redenoticia.com.br\/noticia\/wp-json\/wp\/v2\/posts"}],"about":[{"href":"https:\/\/migracao.redenoticia.com.br\/noticia\/wp-json\/wp\/v2\/types\/post"}],"author":[{"embeddable":true,"href":"https:\/\/migracao.redenoticia.com.br\/noticia\/wp-json\/wp\/v2\/users\/2"}],"replies":[{"embeddable":true,"href":"https:\/\/migracao.redenoticia.com.br\/noticia\/wp-json\/wp\/v2\/comments?post=178372"}],"version-history":[{"count":0,"href":"https:\/\/migracao.redenoticia.com.br\/noticia\/wp-json\/wp\/v2\/posts\/178372\/revisions"}],"wp:featuredmedia":[{"embeddable":true,"href":"https:\/\/migracao.redenoticia.com.br\/noticia\/wp-json\/wp\/v2\/media\/173626"}],"wp:attachment":[{"href":"https:\/\/migracao.redenoticia.com.br\/noticia\/wp-json\/wp\/v2\/media?parent=178372"}],"wp:term":[{"taxonomy":"category","embeddable":true,"href":"https:\/\/migracao.redenoticia.com.br\/noticia\/wp-json\/wp\/v2\/categories?post=178372"},{"taxonomy":"post_tag","embeddable":true,"href":"https:\/\/migracao.redenoticia.com.br\/noticia\/wp-json\/wp\/v2\/tags?post=178372"}],"curies":[{"name":"wp","href":"https:\/\/api.w.org\/{rel}","templated":true}]}}