{"id":178373,"date":"2019-06-29T18:40:56","date_gmt":"2019-06-29T21:40:56","guid":{"rendered":"https:\/\/www.redenoticia.com.br\/noticia\/?p=178373"},"modified":"2019-06-29T18:41:06","modified_gmt":"2019-06-29T21:41:06","slug":"resumo-novela-a-que-nao-podia-amar-01-07-rogerio-desaparece","status":"publish","type":"post","link":"https:\/\/migracao.redenoticia.com.br\/noticia\/2019\/resumo-novela-a-que-nao-podia-amar-01-07-rogerio-desaparece\/178373","title":{"rendered":"Resumo novela \u201cA Que N\u00e3o Podia Amar\u201d 01\/07: Rog\u00e9rio desaparece"},"content":{"rendered":"<p><strong><em><img loading=\"lazy\" decoding=\"async\" class=\"aligncenter size-large wp-image-173635\" src=\"https:\/\/migracao.redenoticia.com.br\/noticia\/imagens\/a-que-nao-podia-amar-400x271.jpg\" alt=\"\" width=\"400\" height=\"271\" srcset=\"https:\/\/migracao.redenoticia.com.br\/noticia\/imagens\/a-que-nao-podia-amar-400x271.jpg 400w, https:\/\/migracao.redenoticia.com.br\/noticia\/imagens\/a-que-nao-podia-amar-250x169.jpg 250w, https:\/\/migracao.redenoticia.com.br\/noticia\/imagens\/a-que-nao-podia-amar-560x379.jpg 560w, https:\/\/migracao.redenoticia.com.br\/noticia\/imagens\/a-que-nao-podia-amar.jpg 620w\" sizes=\"auto, (max-width: 400px) 100vw, 400px\" \/><\/em><\/strong><\/p>\n<p>Resumo da novela<strong><em> \u201cA Que N\u00e3o Podia Amar\u201d&nbsp;<\/em><\/strong> em 01\/07: no cap\u00edtulo 061(*) da novela, segunda-feira, 01 de julho, Gustavo liga para a delegacia e avisa que Mariana est\u00e1 morta. Bruno vai at\u00e9 a delegacia e o delegado diz que Miguel ter\u00e1 que ficar preso por ter sido o \u00faltimo a ser visto com Mariana. Bruno pergunta como Miguel matou Mariana, lhe pede que por favor conte exatamente o que aconteceu, mas o rapaz n\u00e3o sabe do que est\u00e1 falando e se desespera. Na delegacia, todos ficam sabendo que Mariana est\u00e1 morta. Minutos depois, Daniela vai visitar Miguel para acalm\u00e1-lo e dar seu apoio. Vanessa vai at\u00e9 a fazenda e em conversa com Ana Paula ela se mostra muito triste. Dissimulada, Vanessa, pega nas m\u00e3os de Ana Paula e, como uma irm\u00e3 preocupada, diz que \u00e9 melhor que Miguel continue preso porque as pessoas gostavam muito de Mariana e poderiam linch\u00e1-lo pela morte da mo\u00e7a.<\/p>\n<p>Rog\u00e9rio continua desaparecido, o que preocupa seus funcion\u00e1rios, pois por mais que o procurem n\u00e3o conseguem encontr\u00e1-lo. Rosaura vai at\u00e9 a delegacia e acusa Miguel de ter matado Mariana. Bruno avisa que ele poder\u00e1 ser acusado pela morte dela. Gustavo assegura a Ana Paula que vai ajud\u00e1-la com a situa\u00e7\u00e3o do seu irm\u00e3o, ela responde que ele n\u00e3o precisa fazer nada, ele a interrompe e reitera que a ama. C\u00edntia escuta toda a conversa e se surpreende. C\u00edntia confronta os dois e diz que vai contar tudo a Rog\u00e9rio. Ana Paula diz a Rosaura que quando Rog\u00e9rio ficar sabendo toda a verdade vai odi\u00e1-la, e isso \u00e9 algo que n\u00e3o poder\u00e1 suportar.<\/p>\n<p>Gustavo tenta convencer C\u00edntia a n\u00e3o contar a Rog\u00e9rio e fala que Paula se casou para ajudar o irm\u00e3o atrav\u00e9s de um contrato. Ele avisa C\u00edntia que Paula avisou a Rog\u00e9rio que o ama. Ela d\u00e1 um tapa na cara de Gustavo e sai do quarto. Bruno pede que Miguel fa\u00e7a o que ele vai dizer. C\u00edntia pergunta a Maria onde est\u00e1 Rog\u00e9rio, mas ela alega que n\u00e3o sabe de nada. Elias vai at\u00e9 o quarto de C\u00edntia. Paula conversa com Marquinho que est\u00e1 preocupada que Rog\u00e9rio descubra que Gustavo foi seu namorado ela ter\u00e1 que ir embora e que n\u00e3o poder\u00e1 leva-lo com ela. Ele chora e pede que ela n\u00e3o a deixe. C\u00edntia avisa a Ana Paula que n\u00e3o dir\u00e1 nada a Rog\u00e9rio por enquanto. C\u00edntia encontra com Gustavo no corredor e diz que tem uma proposta para ele.<\/p>\n<p>(*) edi\u00e7\u00e3o do SBT, Novela \u201cA Que N\u00e3o Podia Amar\u201d, sujeito a altera\u00e7\u00e3o de data e conte\u00fado.<\/p>\n<p>Destaques<\/p>\n<p>&#8220;A Que N\u00e3o Podia Amar&#8221;- Ana Paula, uma enfermeira humilde que se v\u00ea obrigada a trabalhar na casa de Rog\u00e9rio Montero (Jorge Salinas), um homem amargurado. Rog\u00e9rio sofre por ser parapl\u00e9gico e destrata todas as pessoas. Ana Paula atura tudo calada e o rica\u00e7o se apaixona por ela.<\/p>\n<p>Ana conhece Gustavo Duran (Jos\u00e9 Ron), um engenheiro nobre e trabalhador. Os dois se apaixonam, mas ter\u00e3o de enfrentar Rog\u00e9rio, j\u00e1 que ele tamb\u00e9m gosta da mocinha, formando assim, um tri\u00e2ngulo amoroso com terr\u00edveis consequ\u00eancias.<\/p>\n","protected":false},"excerpt":{"rendered":"<p>Resumo da novela \u201cA Que N\u00e3o Podia Amar\u201d&nbsp; em 01\/07: no cap\u00edtulo 061(*) da novela, segunda-feira, 01 de julho, Gustavo liga para a delegacia e avisa que Mariana est\u00e1 morta. Bruno vai at\u00e9 a delegacia e o delegado diz que Miguel ter\u00e1 que ficar preso por ter sido o \u00faltimo a ser visto com Mariana. [&hellip;]<\/p>\n","protected":false},"author":2,"featured_media":173627,"comment_status":"open","ping_status":"closed","sticky":false,"template":"","format":"standard","meta":{"tdm_status":"","tdm_grid_status":"","footnotes":""},"categories":[379,372,343],"tags":[441],"class_list":{"0":"post-178373","1":"post","2":"type-post","3":"status-publish","4":"format-standard","5":"has-post-thumbnail","7":"category-novelas","8":"category-sbt","9":"category-televisao","10":"tag-resumo-do-dia"},"_links":{"self":[{"href":"https:\/\/migracao.redenoticia.com.br\/noticia\/wp-json\/wp\/v2\/posts\/178373","targetHints":{"allow":["GET"]}}],"collection":[{"href":"https:\/\/migracao.redenoticia.com.br\/noticia\/wp-json\/wp\/v2\/posts"}],"about":[{"href":"https:\/\/migracao.redenoticia.com.br\/noticia\/wp-json\/wp\/v2\/types\/post"}],"author":[{"embeddable":true,"href":"https:\/\/migracao.redenoticia.com.br\/noticia\/wp-json\/wp\/v2\/users\/2"}],"replies":[{"embeddable":true,"href":"https:\/\/migracao.redenoticia.com.br\/noticia\/wp-json\/wp\/v2\/comments?post=178373"}],"version-history":[{"count":0,"href":"https:\/\/migracao.redenoticia.com.br\/noticia\/wp-json\/wp\/v2\/posts\/178373\/revisions"}],"wp:featuredmedia":[{"embeddable":true,"href":"https:\/\/migracao.redenoticia.com.br\/noticia\/wp-json\/wp\/v2\/media\/173627"}],"wp:attachment":[{"href":"https:\/\/migracao.redenoticia.com.br\/noticia\/wp-json\/wp\/v2\/media?parent=178373"}],"wp:term":[{"taxonomy":"category","embeddable":true,"href":"https:\/\/migracao.redenoticia.com.br\/noticia\/wp-json\/wp\/v2\/categories?post=178373"},{"taxonomy":"post_tag","embeddable":true,"href":"https:\/\/migracao.redenoticia.com.br\/noticia\/wp-json\/wp\/v2\/tags?post=178373"}],"curies":[{"name":"wp","href":"https:\/\/api.w.org\/{rel}","templated":true}]}}