{"id":178375,"date":"2019-06-29T18:44:52","date_gmt":"2019-06-29T21:44:52","guid":{"rendered":"https:\/\/www.redenoticia.com.br\/noticia\/?p=178375"},"modified":"2019-06-29T18:44:58","modified_gmt":"2019-06-29T21:44:58","slug":"resumo-novela-cumplices-de-um-resgate-01-07-alicia-se-depara-com-flora","status":"publish","type":"post","link":"https:\/\/migracao.redenoticia.com.br\/noticia\/2019\/resumo-novela-cumplices-de-um-resgate-01-07-alicia-se-depara-com-flora\/178375","title":{"rendered":"Resumo novela \u201cC\u00famplices de um Resgate\u201d 01\/07: Al\u00edcia se depara com Flora"},"content":{"rendered":"<p><img loading=\"lazy\" decoding=\"async\" class=\"aligncenter size-large wp-image-164526\" src=\"https:\/\/migracao.redenoticia.com.br\/noticia\/imagens\/cumplices-de-um-resgate-001-316x300.jpg\" alt=\"\" width=\"316\" height=\"300\" srcset=\"https:\/\/migracao.redenoticia.com.br\/noticia\/imagens\/cumplices-de-um-resgate-001-316x300.jpg 316w, https:\/\/migracao.redenoticia.com.br\/noticia\/imagens\/cumplices-de-um-resgate-001-197x187.jpg 197w, https:\/\/migracao.redenoticia.com.br\/noticia\/imagens\/cumplices-de-um-resgate-001-150x143.jpg 150w, https:\/\/migracao.redenoticia.com.br\/noticia\/imagens\/cumplices-de-um-resgate-001.jpg 526w\" sizes=\"auto, (max-width: 316px) 100vw, 316px\" \/> Resumo novela \u201cC\u00famplices de um Resgate\u201d 01\/07: no cap\u00edtulo 126(*) da novela, segunda-feira, 01 de julho, No galp\u00e3o, Isabela pergunta a Vargas onde est\u00e1 Marina, que revela que ela est\u00e1 na mans\u00e3o. Ot\u00e1vio leva Rebeca ao escrit\u00f3rio. Os dois se beijam e ele lhe presenteia com um strass de diamantes. Rebeca fica feliz com o mimo, mas se lamenta por sua filha n\u00e3o estar com ela nesse momento. Alcoolizada, Safira se apoia em Tomas e debocha de Nina e Helena. Rebeca volta \u00e0 festa e mostra seu presente.<\/p>\n<p>Of\u00e9lio se depara com Marina na cozinha da mans\u00e3o e disfar\u00e7a para que Regina n\u00e3o saiba que eles se conhecem. Depois de cantarem os parab\u00e9ns, Safira chama a aten\u00e7\u00e3o de todos e faz um discurso constrangedor. Tom\u00e1s a retira da sala. Raul chega da Europa e vai at\u00e9 a mans\u00e3o para ver Isabela. Ao cumprimentar Marina, Raul nota em seus pulsos os hematomas de quando estava amarrada no galp\u00e3o.<\/p>\n<p>A bab\u00e1 diz que se trata apenas de uma alergia. Fora da festa, Safira se lamenta por ter sido trocada por Rebeca. Tom\u00e1s pega o celular da mo\u00e7a e chama seus pais para lhe buscarem. Para que Regina n\u00e3o os interrompa, Raul pede para que possa conversar a s\u00f3s com Isabela em seu quarto. Raul nota que Isabela (que na verdade \u00e9 Manuela) est\u00e1 triste e pergunta o motivo. Ela responde que \u00e9 por saudade do pai (mas na verdade \u00e9 de sua m\u00e3e). Fortunato chega para buscar Safira. Um ladr\u00e3o misterioso rouba ovos do galinheiro de Fiorina. Ele joga os ovos nas casas do vilarejo. Ao fazer compras, Al\u00edcia se depara com Flora, que trabalha como caixa do supermercado. Flora diz para Al\u00edcia que um dia voltar\u00e1 para casa, mas pede que, por enquanto, ela cuide se seus sobrinhos.<\/p>\n<p>(*) edi\u00e7\u00e3o do SBT, Novela \u201cC\u00famplices de um Resgate\u201d, sujeito a altera\u00e7\u00e3o de data e conte\u00fado.<\/p>\n","protected":false},"excerpt":{"rendered":"<p>Resumo novela \u201cC\u00famplices de um Resgate\u201d 01\/07: no cap\u00edtulo 126(*) da novela, segunda-feira, 01 de julho, No galp\u00e3o, Isabela pergunta a Vargas onde est\u00e1 Marina, que revela que ela est\u00e1 na mans\u00e3o. Ot\u00e1vio leva Rebeca ao escrit\u00f3rio. Os dois se beijam e ele lhe presenteia com um strass de diamantes. Rebeca fica feliz com o [&hellip;]<\/p>\n","protected":false},"author":2,"featured_media":164525,"comment_status":"open","ping_status":"closed","sticky":false,"template":"","format":"standard","meta":{"tdm_status":"","tdm_grid_status":"","footnotes":""},"categories":[379,372,343],"tags":[441],"class_list":{"0":"post-178375","1":"post","2":"type-post","3":"status-publish","4":"format-standard","5":"has-post-thumbnail","7":"category-novelas","8":"category-sbt","9":"category-televisao","10":"tag-resumo-do-dia"},"_links":{"self":[{"href":"https:\/\/migracao.redenoticia.com.br\/noticia\/wp-json\/wp\/v2\/posts\/178375","targetHints":{"allow":["GET"]}}],"collection":[{"href":"https:\/\/migracao.redenoticia.com.br\/noticia\/wp-json\/wp\/v2\/posts"}],"about":[{"href":"https:\/\/migracao.redenoticia.com.br\/noticia\/wp-json\/wp\/v2\/types\/post"}],"author":[{"embeddable":true,"href":"https:\/\/migracao.redenoticia.com.br\/noticia\/wp-json\/wp\/v2\/users\/2"}],"replies":[{"embeddable":true,"href":"https:\/\/migracao.redenoticia.com.br\/noticia\/wp-json\/wp\/v2\/comments?post=178375"}],"version-history":[{"count":0,"href":"https:\/\/migracao.redenoticia.com.br\/noticia\/wp-json\/wp\/v2\/posts\/178375\/revisions"}],"wp:featuredmedia":[{"embeddable":true,"href":"https:\/\/migracao.redenoticia.com.br\/noticia\/wp-json\/wp\/v2\/media\/164525"}],"wp:attachment":[{"href":"https:\/\/migracao.redenoticia.com.br\/noticia\/wp-json\/wp\/v2\/media?parent=178375"}],"wp:term":[{"taxonomy":"category","embeddable":true,"href":"https:\/\/migracao.redenoticia.com.br\/noticia\/wp-json\/wp\/v2\/categories?post=178375"},{"taxonomy":"post_tag","embeddable":true,"href":"https:\/\/migracao.redenoticia.com.br\/noticia\/wp-json\/wp\/v2\/tags?post=178375"}],"curies":[{"name":"wp","href":"https:\/\/api.w.org\/{rel}","templated":true}]}}