{"id":178381,"date":"2019-06-29T18:54:22","date_gmt":"2019-06-29T21:54:22","guid":{"rendered":"https:\/\/www.redenoticia.com.br\/noticia\/?p=178381"},"modified":"2019-06-29T18:54:28","modified_gmt":"2019-06-29T21:54:28","slug":"resumo-novela-orfaos-da-terra-01-07-rania-assina-transferencia-dos-imoveis","status":"publish","type":"post","link":"https:\/\/migracao.redenoticia.com.br\/noticia\/2019\/resumo-novela-orfaos-da-terra-01-07-rania-assina-transferencia-dos-imoveis\/178381","title":{"rendered":"Resumo novela \u201c\u00d3rf\u00e3os da Terra\u201d 01\/07: Rania assina transfer\u00eancia dos im\u00f3veis"},"content":{"rendered":"<p><img loading=\"lazy\" decoding=\"async\" class=\"aligncenter size-large wp-image-173643\" src=\"https:\/\/migracao.redenoticia.com.br\/noticia\/imagens\/orfaos-da-terra-01-376x300.jpg\" alt=\"\" width=\"376\" height=\"300\" srcset=\"https:\/\/migracao.redenoticia.com.br\/noticia\/imagens\/orfaos-da-terra-01-376x300.jpg 376w, https:\/\/migracao.redenoticia.com.br\/noticia\/imagens\/orfaos-da-terra-01-234x187.jpg 234w, https:\/\/migracao.redenoticia.com.br\/noticia\/imagens\/orfaos-da-terra-01-560x447.jpg 560w, https:\/\/migracao.redenoticia.com.br\/noticia\/imagens\/orfaos-da-terra-01.jpg 600w\" sizes=\"auto, (max-width: 376px) 100vw, 376px\" \/><\/p>\n<p>Resumo da novela <strong><em>\u201c\u00d3rf\u00e3os da Terra&#8221;<\/em><\/strong> em 01\/07: no cap\u00edtulo 078(*) da novela, segunda-feira, 01 de julho, Jamil e Miguel n\u00e3o aceitam a oferta de Dalila\/Basma. Helena dep\u00f5e a favor de Faruq na audi\u00eancia. Com medo de Omar, todos confirmam a hist\u00f3ria de Mamede. Marie sugere que Laila apoie Jamil. Rania sofre por causa de Miguel. Helena diz a Padre Zoran que pretende n\u00e3o se envolver mais com Elias. Omar se insinua para Sara, e Ali se incomoda. Faruq fica apreensivo com o depoimento da testemunha de acusa\u00e7\u00e3o.<\/p>\n<p>Miguel implora que Jamil aceite a proposta de Dalila\/Basma e n\u00e3o conte nada para Laila. Dalila se vangloria de seu plano para Paul. Let\u00edcia \u00e9 interrogada. Mamede se assusta com o que v\u00ea na mala de Omar. Bruno apoia que Teresa cante com Jean. Norberto v\u00ea Teresa e Jean se beijando e confronta os dois. O Juiz toma sua decis\u00e3o ao ouvir o depoimento de Faruq. Miguel faz Rania assinar a documenta\u00e7\u00e3o de transfer\u00eancia dos im\u00f3veis para o nome de Jamil, mesmo sem saber do que se trata.<\/p>\n<p>(*) edi\u00e7\u00e3o Globo, Novela \u201c\u00d3rf\u00e3os da Terra\u201d, sujeito a altera\u00e7\u00e3o de data e conte\u00fado.<\/p>\n<p>Destaques<\/p>\n<p>Novela \u201c\u00d3rf\u00e3os da Terra\u201d &#8211; A hist\u00f3ria se inicia na S\u00edria, onde Missade (Ana Cec\u00edlia Costa) e Elias (Marco Ricca) vivem com seus filhos Laila (Julia Dalavia) e Khaled (Rodrigo Vidal) at\u00e9 serem v\u00edtimas da guerra e terem que se refugiar no L\u00edbano. Com o irm\u00e3o gravemente ferido e a fam\u00edlia presa num campo de concentra\u00e7\u00e3o, Laila aceita se casar com o sheik Aziz (Herson Capri) \u2013 um homem cruel e muito mais velho \u2013 em troca de dinheiro para pagar o tratamento m\u00e9dico.<\/p>\n<p>Por\u00e9m, o menino falece e a mo\u00e7a decide fugir para o Brasil com seus pais na noite de n\u00fapcias, antes do casamento ser consumado, indo morar com seus tios, R\u00e2nia (Eliane Giardini) e Miguel (Paulo Betti). Irritado, o sheik manda Jammil (Renato G\u00f3es), seu bra\u00e7o-direito e noivo de sua filha, Dalila (Alice Wegmann), buscar a mo\u00e7a e traz\u00ea-la a for\u00e7a, por\u00e9m os dois acabam se apaixonando e se tornam fugitivos da fam\u00edlia Abdallah.<\/p>\n","protected":false},"excerpt":{"rendered":"<p>Resumo da novela \u201c\u00d3rf\u00e3os da Terra&#8221; em 01\/07: no cap\u00edtulo 078(*) da novela, segunda-feira, 01 de julho, Jamil e Miguel n\u00e3o aceitam a oferta de Dalila\/Basma. Helena dep\u00f5e a favor de Faruq na audi\u00eancia. Com medo de Omar, todos confirmam a hist\u00f3ria de Mamede. Marie sugere que Laila apoie Jamil. Rania sofre por causa de [&hellip;]<\/p>\n","protected":false},"author":2,"featured_media":174196,"comment_status":"open","ping_status":"closed","sticky":false,"template":"","format":"standard","meta":{"tdm_status":"","tdm_grid_status":"","footnotes":""},"categories":[379,540,375,343],"tags":[441],"class_list":{"0":"post-178381","1":"post","2":"type-post","3":"status-publish","4":"format-standard","5":"has-post-thumbnail","7":"category-novelas","8":"category-orfaos-da-terra","9":"category-rede-globo","10":"category-televisao","11":"tag-resumo-do-dia"},"_links":{"self":[{"href":"https:\/\/migracao.redenoticia.com.br\/noticia\/wp-json\/wp\/v2\/posts\/178381","targetHints":{"allow":["GET"]}}],"collection":[{"href":"https:\/\/migracao.redenoticia.com.br\/noticia\/wp-json\/wp\/v2\/posts"}],"about":[{"href":"https:\/\/migracao.redenoticia.com.br\/noticia\/wp-json\/wp\/v2\/types\/post"}],"author":[{"embeddable":true,"href":"https:\/\/migracao.redenoticia.com.br\/noticia\/wp-json\/wp\/v2\/users\/2"}],"replies":[{"embeddable":true,"href":"https:\/\/migracao.redenoticia.com.br\/noticia\/wp-json\/wp\/v2\/comments?post=178381"}],"version-history":[{"count":0,"href":"https:\/\/migracao.redenoticia.com.br\/noticia\/wp-json\/wp\/v2\/posts\/178381\/revisions"}],"wp:featuredmedia":[{"embeddable":true,"href":"https:\/\/migracao.redenoticia.com.br\/noticia\/wp-json\/wp\/v2\/media\/174196"}],"wp:attachment":[{"href":"https:\/\/migracao.redenoticia.com.br\/noticia\/wp-json\/wp\/v2\/media?parent=178381"}],"wp:term":[{"taxonomy":"category","embeddable":true,"href":"https:\/\/migracao.redenoticia.com.br\/noticia\/wp-json\/wp\/v2\/categories?post=178381"},{"taxonomy":"post_tag","embeddable":true,"href":"https:\/\/migracao.redenoticia.com.br\/noticia\/wp-json\/wp\/v2\/tags?post=178381"}],"curies":[{"name":"wp","href":"https:\/\/api.w.org\/{rel}","templated":true}]}}