{"id":178546,"date":"2019-07-03T16:11:39","date_gmt":"2019-07-03T19:11:39","guid":{"rendered":"https:\/\/www.redenoticia.com.br\/noticia\/?p=178546"},"modified":"2019-07-03T16:11:43","modified_gmt":"2019-07-03T19:11:43","slug":"resumo-novela-as-aventuras-de-poliana-04-07-gloria-faz-proposta-para-luisa-e-debora-escuta","status":"publish","type":"post","link":"https:\/\/migracao.redenoticia.com.br\/noticia\/2019\/resumo-novela-as-aventuras-de-poliana-04-07-gloria-faz-proposta-para-luisa-e-debora-escuta\/178546","title":{"rendered":"Resumo novela \u201cAs Aventuras de Poliana\u201d 04\/07: Gl\u00f3ria faz  proposta para Luisa e D\u00e9bora escuta"},"content":{"rendered":"<p><strong><em><img loading=\"lazy\" decoding=\"async\" class=\"aligncenter size-large wp-image-148662\" src=\"https:\/\/migracao.redenoticia.com.br\/noticia\/imagens\/as-aventuras-de-poliana-novela-400x267.jpg\" alt=\"\" width=\"400\" height=\"267\" srcset=\"https:\/\/migracao.redenoticia.com.br\/noticia\/imagens\/as-aventuras-de-poliana-novela-400x267.jpg 400w, https:\/\/migracao.redenoticia.com.br\/noticia\/imagens\/as-aventuras-de-poliana-novela-250x167.jpg 250w, https:\/\/migracao.redenoticia.com.br\/noticia\/imagens\/as-aventuras-de-poliana-novela-150x100.jpg 150w, https:\/\/migracao.redenoticia.com.br\/noticia\/imagens\/as-aventuras-de-poliana-novela.jpg 600w\" sizes=\"auto, (max-width: 400px) 100vw, 400px\" \/>Resumo novela \u201cAs Aventuras de Poliana\u201d 04\/07<\/em><\/strong>: no cap\u00edtulo 297(*) da novela, resumo de quinta-feira, 04 de julho, os pais de Mirela voltam para o interior. Ap\u00f3s ser expulsa da casa de Luisa, D\u00e9bora pede ajuda aos outros professores da escola. Marcelo diz a namorada, que se D\u00e9bora precisar de ajuda financeira, ele vai ajud\u00e1-la. Luca pede desculpa a Mirela, e pede que eles retomem o romance. Bento pede que Poliana guarde segredo e conta a menina que \u00e9 sobrinho de Ruth, mas uma terceira pessoa escuta a conversa e a not\u00edcia se espalha. Poliana pratica o jogo do contente e agradece a D\u00e9bora pelas cr\u00edticas. Pendleton pede que Sergio traga o tabuleiro de Vetherna para de volta ele.<\/p>\n<p>Ciumenta, Raquel pergunta a Guilherme, por que o menino est\u00e1 curtindo as fotos de Brenda nas redes sociais, e os dois discutem. Bento acha que Poliana foi a respons\u00e1vel por espalhar seu segredo. Hel\u00f4 conta a Ruth que o resultado do teste de DNA j\u00e1 se espalhou pela escola, e confirma a mentira para a amiga. Gl\u00f3ria chama Luisa para uma conversa e faz uma proposta a ela, D\u00e9bora escuta tudo. Sergio vai at\u00e9 a escola para procurar o tabuleiro perdido. Ver\u00f4nica decide gravar um v\u00eddeo com os c\u00e3es para a campanha de doa\u00e7\u00e3o do CLP. Gabriela briga com Vini por ele ter ajudado Mirela. Gl\u00f3ria marca um jantar para oficializar a reuni\u00e3o de Marcelo e Luisa. Durante o recreio, o gr\u00eamio anuncia seu novo projeto aos alunos.<\/p>\n<p>(*) edi\u00e7\u00e3o do SBT, Novela \u201cAs Aventuras de Poliana\u201d, sujeito a altera\u00e7\u00e3o de data e conte\u00fado.<\/p>\n<p>Poliana \u00e9 uma menina extrovertida e de bom cora\u00e7\u00e3o que viajava o Brasil com seus pais, Lorenzo e Alice, no grupo circense Trupe Vagalume. Aos onze anos a garota v\u00ea seu mundo desabar quando seus pais falecem e ela tem que ir morar em S\u00e3o Paulo com sua tia Lu\u00edsa, uma mulher rica e severa, a qual ela n\u00e3o conhecia e que n\u00e3o queria cuidar dela, embora sinta que \u00e9 sua obriga\u00e7\u00e3o pela alma de sua irm\u00e3. Apesar do jeito da rigidez da tia, Poliana decide ter uma vis\u00e3o positiva e inabal\u00e1vel da vida, mesmo nos momentos de dificuldade, tentando levar um pouco de felicidade para a vida de cada um dos seus novos amigos e vizinhos, como o Sr. Pendleton, um homem rico e infeliz por nunca ter tido filhos. Ela vai estudar no col\u00e9gio de Ruth, uma diretora de bom cora\u00e7\u00e3o que a ajuda a se adaptar, mas tem que lidar com as vilanias de Mirela, garota mais velha que n\u00e3o aceita perder a popularidade para uma novata.<\/p>\n","protected":false},"excerpt":{"rendered":"<p>Resumo novela \u201cAs Aventuras de Poliana\u201d 04\/07: no cap\u00edtulo 297(*) da novela, resumo de quinta-feira, 04 de julho, os pais de Mirela voltam para o interior. Ap\u00f3s ser expulsa da casa de Luisa, D\u00e9bora pede ajuda aos outros professores da escola. Marcelo diz a namorada, que se D\u00e9bora precisar de ajuda financeira, ele vai ajud\u00e1-la. [&hellip;]<\/p>\n","protected":false},"author":4,"featured_media":148663,"comment_status":"open","ping_status":"closed","sticky":false,"template":"","format":"standard","meta":{"tdm_status":"","tdm_grid_status":"","footnotes":""},"categories":[477,379,372,343],"tags":[441],"class_list":{"0":"post-178546","1":"post","2":"type-post","3":"status-publish","4":"format-standard","5":"has-post-thumbnail","7":"category-as-aventuras-de-poliana","8":"category-novelas","9":"category-sbt","10":"category-televisao","11":"tag-resumo-do-dia"},"_links":{"self":[{"href":"https:\/\/migracao.redenoticia.com.br\/noticia\/wp-json\/wp\/v2\/posts\/178546","targetHints":{"allow":["GET"]}}],"collection":[{"href":"https:\/\/migracao.redenoticia.com.br\/noticia\/wp-json\/wp\/v2\/posts"}],"about":[{"href":"https:\/\/migracao.redenoticia.com.br\/noticia\/wp-json\/wp\/v2\/types\/post"}],"author":[{"embeddable":true,"href":"https:\/\/migracao.redenoticia.com.br\/noticia\/wp-json\/wp\/v2\/users\/4"}],"replies":[{"embeddable":true,"href":"https:\/\/migracao.redenoticia.com.br\/noticia\/wp-json\/wp\/v2\/comments?post=178546"}],"version-history":[{"count":0,"href":"https:\/\/migracao.redenoticia.com.br\/noticia\/wp-json\/wp\/v2\/posts\/178546\/revisions"}],"wp:featuredmedia":[{"embeddable":true,"href":"https:\/\/migracao.redenoticia.com.br\/noticia\/wp-json\/wp\/v2\/media\/148663"}],"wp:attachment":[{"href":"https:\/\/migracao.redenoticia.com.br\/noticia\/wp-json\/wp\/v2\/media?parent=178546"}],"wp:term":[{"taxonomy":"category","embeddable":true,"href":"https:\/\/migracao.redenoticia.com.br\/noticia\/wp-json\/wp\/v2\/categories?post=178546"},{"taxonomy":"post_tag","embeddable":true,"href":"https:\/\/migracao.redenoticia.com.br\/noticia\/wp-json\/wp\/v2\/tags?post=178546"}],"curies":[{"name":"wp","href":"https:\/\/api.w.org\/{rel}","templated":true}]}}