{"id":178612,"date":"2019-07-05T21:20:00","date_gmt":"2019-07-06T00:20:00","guid":{"rendered":"https:\/\/www.redenoticia.com.br\/noticia\/?p=178612"},"modified":"2019-07-05T21:23:09","modified_gmt":"2019-07-06T00:23:09","slug":"final-da-novela-a-que-nao-podia-amar-vanessa-da-a-paula-metade-da-heranca","status":"publish","type":"post","link":"https:\/\/migracao.redenoticia.com.br\/noticia\/2019\/final-da-novela-a-que-nao-podia-amar-vanessa-da-a-paula-metade-da-heranca\/178612","title":{"rendered":"Final da novela \u201cA Que N\u00e3o Podia Amar\u201d: Vanessa d\u00e1 a Paula metade da heran\u00e7a"},"content":{"rendered":"<p><em><strong><img loading=\"lazy\" decoding=\"async\" class=\"aligncenter size-large wp-image-173634\" src=\"https:\/\/migracao.redenoticia.com.br\/noticia\/imagens\/a-que-nao-podia-amar-sbt-400x167.jpg\" alt=\"\" width=\"400\" height=\"167\" srcset=\"https:\/\/migracao.redenoticia.com.br\/noticia\/imagens\/a-que-nao-podia-amar-sbt-400x167.jpg 400w, https:\/\/migracao.redenoticia.com.br\/noticia\/imagens\/a-que-nao-podia-amar-sbt-250x104.jpg 250w, https:\/\/migracao.redenoticia.com.br\/noticia\/imagens\/a-que-nao-podia-amar-sbt-560x234.jpg 560w, https:\/\/migracao.redenoticia.com.br\/noticia\/imagens\/a-que-nao-podia-amar-sbt.jpg 620w\" sizes=\"auto, (max-width: 400px) 100vw, 400px\" \/><\/strong><\/em><\/p>\n<p><em><strong>Final da novela \u201cA Que N\u00e3o Podia Amar\u201d<\/strong><\/em>: Nos \u00faltimos cap\u00edtulos da novela, Vanesa d\u00e1 a Paula metade da heran\u00e7a. Tudo come\u00e7a quando Vanessa vai \u00e0 fazenda procurar Rogerio, ambos suspeitam que Cintia e Bruno s\u00e3o c\u00famplices da morte de Miguel, ela diz que sente muito e quer ajudar.<\/p>\n<p>Vanesa diz a Rogerio que era muito tola e lamenta ter sido enganada por Bruno. Ele diz a ela que sente muito, que \u00e9 hora de reconstruir suas vidas. Ele tamb\u00e9m pede desculpas. Os auditores chegam para inform\u00e1-lo que Bruno o roubou por um longo tempo.<\/p>\n<p>Vanessa diz a Paula que Miguel uma vez disse a ela que elas poderiam ter sido boas irm\u00e3s, Ana diz que poderia ter sido algo muito legal, mas sua amizade com Cintia fez tudo dar errado, Vanessa se desculpa.<\/p>\n<p>Vanesa d\u00e1 a Paula metade da heran\u00e7a.<\/p>\n<p>(*) edi\u00e7\u00e3o do SBT, Novela \u201cA Que N\u00e3o Podia Amar\u201d, sujeito a altera\u00e7\u00e3o de conte\u00fado.<\/p>\n<p>Destaque<\/p>\n<p>Sinopse &#8220;A Que N\u00e3o Podia Amar&#8221;- Ana Paula, uma enfermeira humilde que se v\u00ea obrigada a trabalhar na casa de Rog\u00e9rio Montero (Jorge Salinas), um homem amargurado. Rog\u00e9rio sofre por ser parapl\u00e9gico e destrata todas as pessoas. Ana Paula atura tudo calada e o rica\u00e7o se apaixona por ela.<\/p>\n<p>Ana conhece Gustavo Duran (Jos\u00e9 Ron), um engenheiro nobre e trabalhador. Os dois se apaixonam, mas ter\u00e3o de enfrentar Rog\u00e9rio, j\u00e1 que ele tamb\u00e9m gosta da mocinha, formando assim, um tri\u00e2ngulo amoroso com terr\u00edveis consequ\u00eancias.<\/p>\n","protected":false},"excerpt":{"rendered":"<p>Final da novela \u201cA Que N\u00e3o Podia Amar\u201d: Nos \u00faltimos cap\u00edtulos da novela, Vanesa d\u00e1 a Paula metade da heran\u00e7a. Tudo come\u00e7a quando Vanessa vai \u00e0 fazenda procurar Rogerio, ambos suspeitam que Cintia e Bruno s\u00e3o c\u00famplices da morte de Miguel, ela diz que sente muito e quer ajudar. Vanesa diz a Rogerio que era [&hellip;]<\/p>\n","protected":false},"author":2,"featured_media":173635,"comment_status":"open","ping_status":"closed","sticky":false,"template":"","format":"standard","meta":{"tdm_status":"","tdm_grid_status":"","footnotes":""},"categories":[379,372,343],"tags":[440],"class_list":{"0":"post-178612","1":"post","2":"type-post","3":"status-publish","4":"format-standard","5":"has-post-thumbnail","7":"category-novelas","8":"category-sbt","9":"category-televisao","10":"tag-noticia-novela"},"_links":{"self":[{"href":"https:\/\/migracao.redenoticia.com.br\/noticia\/wp-json\/wp\/v2\/posts\/178612","targetHints":{"allow":["GET"]}}],"collection":[{"href":"https:\/\/migracao.redenoticia.com.br\/noticia\/wp-json\/wp\/v2\/posts"}],"about":[{"href":"https:\/\/migracao.redenoticia.com.br\/noticia\/wp-json\/wp\/v2\/types\/post"}],"author":[{"embeddable":true,"href":"https:\/\/migracao.redenoticia.com.br\/noticia\/wp-json\/wp\/v2\/users\/2"}],"replies":[{"embeddable":true,"href":"https:\/\/migracao.redenoticia.com.br\/noticia\/wp-json\/wp\/v2\/comments?post=178612"}],"version-history":[{"count":0,"href":"https:\/\/migracao.redenoticia.com.br\/noticia\/wp-json\/wp\/v2\/posts\/178612\/revisions"}],"wp:featuredmedia":[{"embeddable":true,"href":"https:\/\/migracao.redenoticia.com.br\/noticia\/wp-json\/wp\/v2\/media\/173635"}],"wp:attachment":[{"href":"https:\/\/migracao.redenoticia.com.br\/noticia\/wp-json\/wp\/v2\/media?parent=178612"}],"wp:term":[{"taxonomy":"category","embeddable":true,"href":"https:\/\/migracao.redenoticia.com.br\/noticia\/wp-json\/wp\/v2\/categories?post=178612"},{"taxonomy":"post_tag","embeddable":true,"href":"https:\/\/migracao.redenoticia.com.br\/noticia\/wp-json\/wp\/v2\/tags?post=178612"}],"curies":[{"name":"wp","href":"https:\/\/api.w.org\/{rel}","templated":true}]}}