{"id":178713,"date":"2019-08-05T21:16:05","date_gmt":"2019-08-06T00:16:05","guid":{"rendered":"https:\/\/www.redenoticia.com.br\/noticia\/?p=178713"},"modified":"2019-08-05T21:17:55","modified_gmt":"2019-08-06T00:17:55","slug":"novela-a-dona-do-pedaco-jardel-ameaca-jo-e-e-assassinado","status":"publish","type":"post","link":"https:\/\/migracao.redenoticia.com.br\/noticia\/2019\/novela-a-dona-do-pedaco-jardel-ameaca-jo-e-e-assassinado\/178713","title":{"rendered":"Novela \u201cA Dona do Peda\u00e7o\u201d: Jardel amea\u00e7a J\u00f4 e \u00e9 assassinado"},"content":{"rendered":"<p><strong><em>Novela &#8220;A Dona do Peda\u00e7o\u201d:<\/em><\/strong> Josiane (Agatha Moreira) faz Maria da Paz (Juliana Paes) comprar uma mans\u00e3o e exige propina da arquiteta contratada para decorar o im\u00f3vel. Maria descobre e bate na filha. R\u00e9gis (Reynaldo Gianecchini) se apaixona por Maria, p\u00e1ra de apoiar os golpes da garota e tenta se afastar da vil\u00e3.<\/p>\n<p><img loading=\"lazy\" decoding=\"async\" class=\"aligncenter size-large wp-image-177863\" src=\"https:\/\/migracao.redenoticia.com.br\/noticia\/imagens\/A-Dona-do-Pedaco-globo-08-303x300.jpg\" alt=\"\" width=\"303\" height=\"300\" srcset=\"https:\/\/migracao.redenoticia.com.br\/noticia\/imagens\/A-Dona-do-Pedaco-globo-08-303x300.jpg 303w, https:\/\/migracao.redenoticia.com.br\/noticia\/imagens\/A-Dona-do-Pedaco-globo-08-189x187.jpg 189w, https:\/\/migracao.redenoticia.com.br\/noticia\/imagens\/A-Dona-do-Pedaco-globo-08.jpg 606w\" sizes=\"auto, (max-width: 303px) 100vw, 303px\" \/><\/p>\n<p>Ellen (Rosane Goffman) desconfia que R\u00e9gis e Josiane s\u00e3o amantes, Jardel (Duio Botta) investiga, tira uma foto comprometedora do casal e amea\u00e7a: &#8220;Sei que tem um caso com o R\u00e9gis. O marido da sua m\u00e3e. Eu vou contar tudo. Fiz foto de voc\u00eas juntos no celular. Eu quero grana. Muita grana. Ou mando essa foto pro celular da sua m\u00e3e. Imagina o esc\u00e2ndalo que vai ser&#8221;. Ele exige que o pagamento seja feito em um local p\u00fablico e os dois se encontram na plataforma do metr\u00f4. Josiane se explica para Jardel: &#8220;Passei no banco. T\u00e1 tudo aqui. Raspei o que tinha. Cheguei bem perto do que me pediu&#8221;.<\/p>\n<p>Ela manda Jardel apagar a foto e ele reage: &#8220;Em que mundo c\u00ea vive, garota? Eu mandei a foto pra um arquivo seguro. Eu vou querer mais grana. Todos os meses. Achou que podia me humilhar o resto da vida? Agora sou eu que humilho voc\u00ea. Vai ter que passar o resto da vida ajoelhada implorando pra eu n\u00e3o contar. T\u00e1 nas minhas m\u00e3os&#8221;.<\/p>\n<p>Um trem se aproxima e J\u00f4 empurra Jardel nos trilhos. O mordomo morre, Josiane pega o dinheiro e deixa o local do crime. Camilo (Lee Taylor) n\u00e3o encontra imagem da queda de Jardel nos v\u00eddeos de seguran\u00e7a, mas desconfia e come\u00e7a a investigar. Cena prevista para dia 6 de agosto na novela \u201cA Dona do Peda\u00e7o\u201d.<\/p>\n<p>Sinopse \u201cA Dona do Peda\u00e7o\u201d: a novela enaltece a trajet\u00f3ria de Maria da Paz (Juliana Paes), uma jovem humilde, da cidade fict\u00edcia de Rio Vermelho, no Esp\u00edrito Santo. Maria vem de uma fam\u00edlia de justiceiros profissionais, os Ramirez, e se apaixona justamente por Amadeu (Marcos Palmeira), advogado formado em Vit\u00f3ria e membro do cl\u00e3 rival nos neg\u00f3cios, os Matheus. A trama, dividida em um pr\u00f3logo e duas fases, traz uma hist\u00f3ria de amor com elementos \u00e0 Romeu e Julieta, sem perder o humor, que permeia todo o folhetim.<\/p>\n","protected":false},"excerpt":{"rendered":"<p>Novela &#8220;A Dona do Peda\u00e7o\u201d: Josiane (Agatha Moreira) faz Maria da Paz (Juliana Paes) comprar uma mans\u00e3o e exige propina da arquiteta contratada para decorar o im\u00f3vel. Maria descobre e bate na filha. R\u00e9gis (Reynaldo Gianecchini) se apaixona por Maria, p\u00e1ra de apoiar os golpes da garota e tenta se afastar da vil\u00e3. Ellen (Rosane [&hellip;]<\/p>\n","protected":false},"author":2,"featured_media":177863,"comment_status":"open","ping_status":"closed","sticky":false,"template":"","format":"standard","meta":{"tdm_status":"","tdm_grid_status":"","footnotes":""},"categories":[543,379,375,343],"tags":[440],"class_list":{"0":"post-178713","1":"post","2":"type-post","3":"status-publish","4":"format-standard","5":"has-post-thumbnail","7":"category-a-dona-do-pedaco","8":"category-novelas","9":"category-rede-globo","10":"category-televisao","11":"tag-noticia-novela"},"_links":{"self":[{"href":"https:\/\/migracao.redenoticia.com.br\/noticia\/wp-json\/wp\/v2\/posts\/178713","targetHints":{"allow":["GET"]}}],"collection":[{"href":"https:\/\/migracao.redenoticia.com.br\/noticia\/wp-json\/wp\/v2\/posts"}],"about":[{"href":"https:\/\/migracao.redenoticia.com.br\/noticia\/wp-json\/wp\/v2\/types\/post"}],"author":[{"embeddable":true,"href":"https:\/\/migracao.redenoticia.com.br\/noticia\/wp-json\/wp\/v2\/users\/2"}],"replies":[{"embeddable":true,"href":"https:\/\/migracao.redenoticia.com.br\/noticia\/wp-json\/wp\/v2\/comments?post=178713"}],"version-history":[{"count":0,"href":"https:\/\/migracao.redenoticia.com.br\/noticia\/wp-json\/wp\/v2\/posts\/178713\/revisions"}],"wp:featuredmedia":[{"embeddable":true,"href":"https:\/\/migracao.redenoticia.com.br\/noticia\/wp-json\/wp\/v2\/media\/177863"}],"wp:attachment":[{"href":"https:\/\/migracao.redenoticia.com.br\/noticia\/wp-json\/wp\/v2\/media?parent=178713"}],"wp:term":[{"taxonomy":"category","embeddable":true,"href":"https:\/\/migracao.redenoticia.com.br\/noticia\/wp-json\/wp\/v2\/categories?post=178713"},{"taxonomy":"post_tag","embeddable":true,"href":"https:\/\/migracao.redenoticia.com.br\/noticia\/wp-json\/wp\/v2\/tags?post=178713"}],"curies":[{"name":"wp","href":"https:\/\/api.w.org\/{rel}","templated":true}]}}