{"id":178723,"date":"2019-07-06T19:19:48","date_gmt":"2019-07-06T22:19:48","guid":{"rendered":"https:\/\/www.redenoticia.com.br\/noticia\/?p=178723"},"modified":"2019-07-06T19:19:52","modified_gmt":"2019-07-06T22:19:52","slug":"resumo-novela-as-aventuras-de-poliana-08-07-debora-foge-da-padaria","status":"publish","type":"post","link":"https:\/\/migracao.redenoticia.com.br\/noticia\/2019\/resumo-novela-as-aventuras-de-poliana-08-07-debora-foge-da-padaria\/178723","title":{"rendered":"Resumo novela \u201cAs Aventuras de Poliana\u201d 08\/07: D\u00e9bora foge da padaria"},"content":{"rendered":"<p><strong><em><img loading=\"lazy\" decoding=\"async\" class=\"aligncenter size-large wp-image-148662\" src=\"https:\/\/migracao.redenoticia.com.br\/noticia\/imagens\/as-aventuras-de-poliana-novela-400x267.jpg\" alt=\"\" width=\"400\" height=\"267\" srcset=\"https:\/\/migracao.redenoticia.com.br\/noticia\/imagens\/as-aventuras-de-poliana-novela-400x267.jpg 400w, https:\/\/migracao.redenoticia.com.br\/noticia\/imagens\/as-aventuras-de-poliana-novela-250x167.jpg 250w, https:\/\/migracao.redenoticia.com.br\/noticia\/imagens\/as-aventuras-de-poliana-novela-150x100.jpg 150w, https:\/\/migracao.redenoticia.com.br\/noticia\/imagens\/as-aventuras-de-poliana-novela.jpg 600w\" sizes=\"auto, (max-width: 400px) 100vw, 400px\" \/>Resumo novela \u201cAs Aventuras de Poliana\u201d 08\/07<\/em><\/strong>: no cap\u00edtulo 299(*) da novela, resumo de segunda-feira, 08 de julho, Luca Tuber posta um v\u00eddeo em seu canal para se desculpar com Mirela, e pede a ajuda de seus seguidores na campanha #PerdoaMirela. Nadine descobre que Waldisney est\u00e1 desviando dinheiro da 0110, e faz uma proposta ao rapaz. Todos chegam para o jantar de oficializa\u00e7\u00e3o do casal Marcelo e Luisa na casa de Gl\u00f3ria, mas a pr\u00f3pria anfitri\u00e3 n\u00e3o se recorda do compromisso. Luca vai at\u00e9 a casa de Mirela para se desculpar pessoalmente, e mostra a rea\u00e7\u00e3o da menina aos seus seguidores. Lindomar se lembra de ter guardado algo dentro da estatueta doada no bazar, e tenta recupera-la com Salvador. Raquel pede desculpa a Guilherme por suas rea\u00e7\u00f5es ciumentas.<\/p>\n<p>Afonso v\u00ea Nadine e Waldisney conversando na padaria. Jeff e Vini decidem tentar recuperar a estatueta. Nancy diz a Mirela que Luca \u00e9 f\u00fatil, e que ele deveria gostar dela pelo que a menina \u00e9 por dentro, sem ligar para as apar\u00eancias ou opini\u00f5es de terceiros, e as duas se desentendem. Claudia pergunta se Durval ainda sente algo por Fernanda. Na casa de Gl\u00f3ria, Ver\u00f4nica apresenta a campanha com os c\u00e3es abandonados para todos. D\u00e9bora encontra Afonso na padaria, o ajuda a fazer ci\u00fames em Nadine e aproveita para comer. Sergio n\u00e3o encontra o Vetherna e decide abrir o jogo com Pendleton. Para n\u00e3o pagar a conta da padaria, D\u00e9bora foge e deixa Afonso.<\/p>\n<p>(*) edi\u00e7\u00e3o do SBT, Novela \u201cAs Aventuras de Poliana\u201d, sujeito a altera\u00e7\u00e3o de data e conte\u00fado.<\/p>\n<p>Poliana \u00e9 uma menina extrovertida e de bom cora\u00e7\u00e3o que viajava o Brasil com seus pais, Lorenzo e Alice, no grupo circense Trupe Vagalume. Aos onze anos a garota v\u00ea seu mundo desabar quando seus pais falecem e ela tem que ir morar em S\u00e3o Paulo com sua tia Lu\u00edsa, uma mulher rica e severa, a qual ela n\u00e3o conhecia e que n\u00e3o queria cuidar dela, embora sinta que \u00e9 sua obriga\u00e7\u00e3o pela alma de sua irm\u00e3. Apesar do jeito da rigidez da tia, Poliana decide ter uma vis\u00e3o positiva e inabal\u00e1vel da vida, mesmo nos momentos de dificuldade, tentando levar um pouco de felicidade para a vida de cada um dos seus novos amigos e vizinhos, como o Sr. Pendleton, um homem rico e infeliz por nunca ter tido filhos. Ela vai estudar no col\u00e9gio de Ruth, uma diretora de bom cora\u00e7\u00e3o que a ajuda a se adaptar, mas tem que lidar com as vilanias de Mirela, garota mais velha que n\u00e3o aceita perder a popularidade para uma novata.<\/p>\n","protected":false},"excerpt":{"rendered":"<p>Resumo novela \u201cAs Aventuras de Poliana\u201d 08\/07: no cap\u00edtulo 299(*) da novela, resumo de segunda-feira, 08 de julho, Luca Tuber posta um v\u00eddeo em seu canal para se desculpar com Mirela, e pede a ajuda de seus seguidores na campanha #PerdoaMirela. Nadine descobre que Waldisney est\u00e1 desviando dinheiro da 0110, e faz uma proposta ao [&hellip;]<\/p>\n","protected":false},"author":2,"featured_media":148663,"comment_status":"open","ping_status":"closed","sticky":false,"template":"","format":"standard","meta":{"tdm_status":"","tdm_grid_status":"","footnotes":""},"categories":[477,379,372,343],"tags":[441],"class_list":{"0":"post-178723","1":"post","2":"type-post","3":"status-publish","4":"format-standard","5":"has-post-thumbnail","7":"category-as-aventuras-de-poliana","8":"category-novelas","9":"category-sbt","10":"category-televisao","11":"tag-resumo-do-dia"},"_links":{"self":[{"href":"https:\/\/migracao.redenoticia.com.br\/noticia\/wp-json\/wp\/v2\/posts\/178723","targetHints":{"allow":["GET"]}}],"collection":[{"href":"https:\/\/migracao.redenoticia.com.br\/noticia\/wp-json\/wp\/v2\/posts"}],"about":[{"href":"https:\/\/migracao.redenoticia.com.br\/noticia\/wp-json\/wp\/v2\/types\/post"}],"author":[{"embeddable":true,"href":"https:\/\/migracao.redenoticia.com.br\/noticia\/wp-json\/wp\/v2\/users\/2"}],"replies":[{"embeddable":true,"href":"https:\/\/migracao.redenoticia.com.br\/noticia\/wp-json\/wp\/v2\/comments?post=178723"}],"version-history":[{"count":0,"href":"https:\/\/migracao.redenoticia.com.br\/noticia\/wp-json\/wp\/v2\/posts\/178723\/revisions"}],"wp:featuredmedia":[{"embeddable":true,"href":"https:\/\/migracao.redenoticia.com.br\/noticia\/wp-json\/wp\/v2\/media\/148663"}],"wp:attachment":[{"href":"https:\/\/migracao.redenoticia.com.br\/noticia\/wp-json\/wp\/v2\/media?parent=178723"}],"wp:term":[{"taxonomy":"category","embeddable":true,"href":"https:\/\/migracao.redenoticia.com.br\/noticia\/wp-json\/wp\/v2\/categories?post=178723"},{"taxonomy":"post_tag","embeddable":true,"href":"https:\/\/migracao.redenoticia.com.br\/noticia\/wp-json\/wp\/v2\/tags?post=178723"}],"curies":[{"name":"wp","href":"https:\/\/api.w.org\/{rel}","templated":true}]}}