{"id":178724,"date":"2019-07-06T19:19:10","date_gmt":"2019-07-06T22:19:10","guid":{"rendered":"https:\/\/www.redenoticia.com.br\/noticia\/?p=178724"},"modified":"2020-05-29T15:26:23","modified_gmt":"2020-05-29T18:26:23","slug":"resumo-novela-a-que-nao-podia-amar-08-07-cintia-conta-a-vanessa-que-paula-esta-gravida","status":"publish","type":"post","link":"https:\/\/migracao.redenoticia.com.br\/noticia\/2019\/resumo-novela-a-que-nao-podia-amar-08-07-cintia-conta-a-vanessa-que-paula-esta-gravida\/178724","title":{"rendered":"Resumo novela \u201cA Que N\u00e3o Podia Amar\u201d 08\/07: C\u00edntia conta a Vanessa que Paula est\u00e1 gr\u00e1vida"},"content":{"rendered":"<p><strong><em><img loading=\"lazy\" decoding=\"async\" class=\"aligncenter size-large wp-image-173635\" src=\"https:\/\/migracao.redenoticia.com.br\/noticia\/imagens\/a-que-nao-podia-amar-400x271.jpg\" alt=\"\" width=\"400\" height=\"271\" srcset=\"https:\/\/migracao.redenoticia.com.br\/noticia\/imagens\/a-que-nao-podia-amar-400x271.jpg 400w, https:\/\/migracao.redenoticia.com.br\/noticia\/imagens\/a-que-nao-podia-amar-250x169.jpg 250w, https:\/\/migracao.redenoticia.com.br\/noticia\/imagens\/a-que-nao-podia-amar-560x379.jpg 560w, https:\/\/migracao.redenoticia.com.br\/noticia\/imagens\/a-que-nao-podia-amar.jpg 620w\" sizes=\"auto, (max-width: 400px) 100vw, 400px\" \/><\/em><\/strong><\/p>\n<p>Resumo da novela<strong><em> \u201cA Que N\u00e3o Podia Amar\u201d&nbsp;<\/em><\/strong> em 08\/07: no cap\u00edtulo 066(*) da novela, segunda-feira, 08 de julho, Ana Paula conta a Maria que Rog\u00e9rio quer fazer uma opera\u00e7\u00e3o para voltar a andar, e Ernesto diz que ele tem grandes chances. Maria fica euf\u00f3rica com a novidade. C\u00edntia alerta Gustavo para desistir da ideia de falar com Rog\u00e9rio, mas ele insiste que precisa enfrentar a situa\u00e7\u00e3o. Marquinho surpreende Ana Paula e Maria ao mostrar que voltou a caminhar, elas ficam muito felizes ao v\u00ea-lo dando pequenos passos.<\/p>\n<p>Chorando, C\u00edntia conta a Vanessa que Ana Paula est\u00e1 gr\u00e1vida. Vanessa se surpreende com a not\u00edcia, mas n\u00e3o entende o desespero de C\u00edntia, j\u00e1 que ela estava usando Gustavo apenas para ter acesso \u00e0 sua heran\u00e7a e agora poder\u00e1 se casar com quem quiser. C\u00edntia explica que por mais que negasse, sempre esteve apaixonada por Gustavo e n\u00e3o quer perd\u00ea-lo. Vanessa diz a C\u00edntia que Rog\u00e9rio precisa saber da gravidez. C\u00edntia se lembra do estado da m\u00e3e de Vanessa e questiona como ela est\u00e1, a meia-irm\u00e3 de Ana Paula confessa que internou Elza numa cl\u00ednica. Rog\u00e9rio liga para a fazenda e Ana Paula atende. Ele pede perd\u00e3o por ter ido sem avisar e explica o porqu\u00ea fez isso. Vanessa se culpa por ter acusado Ana Paula de ter matado seu pai, mas C\u00edntia envenena a amiga. Ana Paula fica feliz ao escutar a voz de Rog\u00e9rio, lhe conta que na fazenda tudo vai bem e que Marquinhos j\u00e1 est\u00e1 caminhando, este se lembra que a proposta de adot\u00e1-lo continua de p\u00e9 e se tudo correr bem, poder\u00e3o ter filhos. Paula come\u00e7a chorar.<\/p>\n<p>C\u00edntia diz a Vanessa que Rog\u00e9rio precisa saber que Ana Paula est\u00e1 esperando um filho do seu ex-namorado, mas sem saber que o pai da crian\u00e7a \u00e9 Gustavo. Todos se alegram ao ver que Marquinho voltou a andar. Gustavo alerta Rosaura que j\u00e1 sabe que Ana Paula est\u00e1 gr\u00e1vida dele e que n\u00e3o quer que a tia da mo\u00e7a se intrometa entre os dois novamente. Todos ficam sabendo que Rog\u00e9rio vai passar por uma cirurgia e voltar a caminhar. Bruno continua agindo para prejudicar Rog\u00e9rio. Consuelo avisa a Ana Paula que n\u00e3o vai mais trabalhar na fazenda. Rosaura lembra a Bruno que Ana Paula ficou \u00e0 frente da fazenda, por isso agora pode assinar em seu nome. Gustavo diz a Ana Paula que gosta da ideia de Rog\u00e9rio voltar a andar, pois assim poder\u00e3o brigar em iguais circunst\u00e2ncias pelo amor dela.<\/p>\n<p>(*) edi\u00e7\u00e3o do SBT, Novela \u201cA Que N\u00e3o Podia Amar\u201d, sujeito a altera\u00e7\u00e3o de data e conte\u00fado.<\/p>\n<p>Destaques<\/p>\n<p>&#8220;A Que N\u00e3o Podia Amar&#8221;- Ana Paula, uma enfermeira humilde que se v\u00ea obrigada a trabalhar na casa de Rog\u00e9rio Montero (Jorge Salinas), um homem amargurado. Rog\u00e9rio sofre por ser parapl\u00e9gico e destrata todas as pessoas. Ana Paula atura tudo calada e o rica\u00e7o se apaixona por ela.<\/p>\n<p>Ana conhece Gustavo Duran (Jos\u00e9 Ron), um engenheiro nobre e trabalhador. Os dois se apaixonam, mas ter\u00e3o de enfrentar Rog\u00e9rio, j\u00e1 que ele tamb\u00e9m gosta da mocinha, formando assim, um tri\u00e2ngulo amoroso com terr\u00edveis consequ\u00eancias.<\/p>\n","protected":false},"excerpt":{"rendered":"<p>Resumo da novela \u201cA Que N\u00e3o Podia Amar\u201d&nbsp; em 08\/07: no cap\u00edtulo 066(*) da novela, segunda-feira, 08 de julho, Ana Paula conta a Maria que Rog\u00e9rio quer fazer uma opera\u00e7\u00e3o para voltar a andar, e Ernesto diz que ele tem grandes chances. Maria fica euf\u00f3rica com a novidade. C\u00edntia alerta Gustavo para desistir da ideia [&hellip;]<\/p>\n","protected":false},"author":2,"featured_media":173627,"comment_status":"open","ping_status":"closed","sticky":false,"template":"","format":"standard","meta":{"tdm_status":"","tdm_grid_status":"","footnotes":""},"categories":[379,372,343],"tags":[441],"class_list":{"0":"post-178724","1":"post","2":"type-post","3":"status-publish","4":"format-standard","5":"has-post-thumbnail","7":"category-novelas","8":"category-sbt","9":"category-televisao","10":"tag-resumo-do-dia"},"_links":{"self":[{"href":"https:\/\/migracao.redenoticia.com.br\/noticia\/wp-json\/wp\/v2\/posts\/178724","targetHints":{"allow":["GET"]}}],"collection":[{"href":"https:\/\/migracao.redenoticia.com.br\/noticia\/wp-json\/wp\/v2\/posts"}],"about":[{"href":"https:\/\/migracao.redenoticia.com.br\/noticia\/wp-json\/wp\/v2\/types\/post"}],"author":[{"embeddable":true,"href":"https:\/\/migracao.redenoticia.com.br\/noticia\/wp-json\/wp\/v2\/users\/2"}],"replies":[{"embeddable":true,"href":"https:\/\/migracao.redenoticia.com.br\/noticia\/wp-json\/wp\/v2\/comments?post=178724"}],"version-history":[{"count":0,"href":"https:\/\/migracao.redenoticia.com.br\/noticia\/wp-json\/wp\/v2\/posts\/178724\/revisions"}],"wp:featuredmedia":[{"embeddable":true,"href":"https:\/\/migracao.redenoticia.com.br\/noticia\/wp-json\/wp\/v2\/media\/173627"}],"wp:attachment":[{"href":"https:\/\/migracao.redenoticia.com.br\/noticia\/wp-json\/wp\/v2\/media?parent=178724"}],"wp:term":[{"taxonomy":"category","embeddable":true,"href":"https:\/\/migracao.redenoticia.com.br\/noticia\/wp-json\/wp\/v2\/categories?post=178724"},{"taxonomy":"post_tag","embeddable":true,"href":"https:\/\/migracao.redenoticia.com.br\/noticia\/wp-json\/wp\/v2\/tags?post=178724"}],"curies":[{"name":"wp","href":"https:\/\/api.w.org\/{rel}","templated":true}]}}