{"id":178725,"date":"2019-07-06T19:18:34","date_gmt":"2019-07-06T22:18:34","guid":{"rendered":"https:\/\/www.redenoticia.com.br\/noticia\/?p=178725"},"modified":"2019-07-06T19:18:39","modified_gmt":"2019-07-06T22:18:39","slug":"resumo-novela-a-dona-08-07-jesus-flagra-ivana-e-alonso-aos-beijos","status":"publish","type":"post","link":"https:\/\/migracao.redenoticia.com.br\/noticia\/2019\/resumo-novela-a-dona-08-07-jesus-flagra-ivana-e-alonso-aos-beijos\/178725","title":{"rendered":"Resumo novela \u201cA Dona\u201d 08\/07: Jesus flagra Ivana e Alonso aos beijos"},"content":{"rendered":"<p><img loading=\"lazy\" decoding=\"async\" class=\"aligncenter size-large wp-image-173633\" src=\"https:\/\/migracao.redenoticia.com.br\/noticia\/imagens\/a-dona-270x300.jpg\" alt=\"\" width=\"270\" height=\"300\" srcset=\"https:\/\/migracao.redenoticia.com.br\/noticia\/imagens\/a-dona-270x300.jpg 270w, https:\/\/migracao.redenoticia.com.br\/noticia\/imagens\/a-dona-168x187.jpg 168w, https:\/\/migracao.redenoticia.com.br\/noticia\/imagens\/a-dona.jpg 380w\" sizes=\"auto, (max-width: 270px) 100vw, 270px\" \/>Resumo da novela <strong><em>\u201cA Dona&#8221;<\/em><\/strong> em 08\/07: no cap\u00edtulo 071(*) da novela, segunda-feira, 08 de julho, Jos\u00e9 Miguel, furioso, reclama com Leonor que ela fez Valentina acreditar que ele s\u00f3 estava interessado em seu dinheiro. Jos\u00e9 exige que Leonor devolva o restante do dinheiro que falta. Ela responde que o dinheiro e bens que ela tem, s\u00e3o necess\u00e1rios para que mantenham seu estilo de vida. Ivana pede dinheiro a Isabel, e ela responde que se quiser dinheiro que v\u00e1 trabalhar ou o pe\u00e7a a Leonor. Gabriela confirma a Sandra que Ivana teve rela\u00e7\u00f5es com Alonso, mesmo sabendo que o mesmo era noivo de Valentina, e que ela o seduziu a ponto de que ele acabasse desistindo de Valentina no dia do casamento. Jesus flagra Ivana e Alonso de beijando.<\/p>\n<p>Ivana diz a Alonso que sua rela\u00e7\u00e3o com ele era s\u00f3 por conveni\u00eancia, pois agora conhece o verdadeiro amor nos bra\u00e7os de Jos\u00e9 Miguel. Alonso responde que n\u00e3o sabe o que as mulheres veem em Jos\u00e9 Miguel, que n\u00e3o passa de um pobre caipira. Jesus trope\u00e7a e Ivana o descobre. Jos\u00e9 Miguel diz a Sabino que o amor que sente por Valentina \u00e9 a \u00fanica coisa que d\u00e1 sentido \u00e0 sua vida. Ivana, fingindo ser am\u00e1vel, tenta convencer Jesus a n\u00e3o dizer nada sobre o que viu entre ela e Alonso, mas o menino n\u00e3o aceita.<\/p>\n<p>Jos\u00e9 Miguel pergunta a Gabriela se ela sabe o que Marc\u00e9lia disse a Valentina, ela responde que em detalhes n\u00e3o sabe, mas que acredita que ela disse que o beb\u00ea que tinha nos bra\u00e7os era de Jos\u00e9 Miguel. Gabriela o questiona se isso \u00e9 verdade, e Jos\u00e9 a diz que nunca teve nada s\u00e9rio com Marc\u00e9lia. Gabriela ent\u00e3o sugere que ele diga isso a Valentina. Jos\u00e9 a diz que Valentina j\u00e1 tem Rodrigo e Alonso. Gabriela diz a Jos\u00e9 que Valentina n\u00e3o tem nada com nenhum deles, e que mesmo negando, sabe que ela mant\u00e9m um carinho muito especial por Jos\u00e9 Miguel.<\/p>\n<p>Enriqueta se finge de doente para fazer com que Sandra volte a morar com ela, mas Moises alerta a filha que Enriqueta s\u00f3 est\u00e1 fingindo. Valentina exige que Alonso saia do povoado o quanto antes. Ele a beija e Jos\u00e9 Miguel observa a cena. Jos\u00e9 se aproxima, lhe d\u00e1 um soco. Valentina tenta explicar a situa\u00e7\u00e3o a Jos\u00e9, mas ele n\u00e3o permite e sai sem escut\u00e1-la. Valentina faz uma serenata a Jos\u00e9 Miguel, mas quem sai da casa \u00e9 Ivana, que pede para ela ir embora de uma vez da fazenda e n\u00e3o voltar a incomod\u00e1-lo.<\/p>\n<p>(*) edi\u00e7\u00e3o do SBT, Novela \u201cA Dona\u201d, sujeito a altera\u00e7\u00e3o de data e conte\u00fado.<\/p>\n<p>Destaques<\/p>\n<p>&#8220;A Dona&#8221; &#8211; Valentina Vila\u00e7a (Lucero) \u00e9 uma mulher que tem uma grande fortuna, que seus pais deixaram para ela quando morreram em um acidente de carro. Ela tem uma mans\u00e3o na Cidade do M\u00e9xico, onde vive com sua tia Isabel Rangel de Dorantes (Silvia Pinal), e sua prima Ivana Dorantes Rangel (Gabriela Spanic) que trata Valentina com muita indiferen\u00e7a e sente inveja dela.<\/p>\n<p>Tudo muda para Valentina quando seu noivo Alonso Penalva (David Zepeda), tramando com Ivana no dia de seu casamento, a deixa esperando no altar. A partir da\u00ed, Valentina se torna uma mulher amarga, e vai para sua fazenda, no interior. Chegando l\u00e1, ela conhece seu vizinho Jos\u00e9 Miguel Montesinos (Fernando Colunga).<\/p>\n","protected":false},"excerpt":{"rendered":"<p>Resumo da novela \u201cA Dona&#8221; em 08\/07: no cap\u00edtulo 071(*) da novela, segunda-feira, 08 de julho, Jos\u00e9 Miguel, furioso, reclama com Leonor que ela fez Valentina acreditar que ele s\u00f3 estava interessado em seu dinheiro. Jos\u00e9 exige que Leonor devolva o restante do dinheiro que falta. Ela responde que o dinheiro e bens que ela [&hellip;]<\/p>\n","protected":false},"author":2,"featured_media":173626,"comment_status":"open","ping_status":"closed","sticky":false,"template":"","format":"standard","meta":{"tdm_status":"","tdm_grid_status":"","footnotes":""},"categories":[379,372,343],"tags":[441],"class_list":{"0":"post-178725","1":"post","2":"type-post","3":"status-publish","4":"format-standard","5":"has-post-thumbnail","7":"category-novelas","8":"category-sbt","9":"category-televisao","10":"tag-resumo-do-dia"},"_links":{"self":[{"href":"https:\/\/migracao.redenoticia.com.br\/noticia\/wp-json\/wp\/v2\/posts\/178725","targetHints":{"allow":["GET"]}}],"collection":[{"href":"https:\/\/migracao.redenoticia.com.br\/noticia\/wp-json\/wp\/v2\/posts"}],"about":[{"href":"https:\/\/migracao.redenoticia.com.br\/noticia\/wp-json\/wp\/v2\/types\/post"}],"author":[{"embeddable":true,"href":"https:\/\/migracao.redenoticia.com.br\/noticia\/wp-json\/wp\/v2\/users\/2"}],"replies":[{"embeddable":true,"href":"https:\/\/migracao.redenoticia.com.br\/noticia\/wp-json\/wp\/v2\/comments?post=178725"}],"version-history":[{"count":0,"href":"https:\/\/migracao.redenoticia.com.br\/noticia\/wp-json\/wp\/v2\/posts\/178725\/revisions"}],"wp:featuredmedia":[{"embeddable":true,"href":"https:\/\/migracao.redenoticia.com.br\/noticia\/wp-json\/wp\/v2\/media\/173626"}],"wp:attachment":[{"href":"https:\/\/migracao.redenoticia.com.br\/noticia\/wp-json\/wp\/v2\/media?parent=178725"}],"wp:term":[{"taxonomy":"category","embeddable":true,"href":"https:\/\/migracao.redenoticia.com.br\/noticia\/wp-json\/wp\/v2\/categories?post=178725"},{"taxonomy":"post_tag","embeddable":true,"href":"https:\/\/migracao.redenoticia.com.br\/noticia\/wp-json\/wp\/v2\/tags?post=178725"}],"curies":[{"name":"wp","href":"https:\/\/api.w.org\/{rel}","templated":true}]}}