{"id":1788,"date":"2009-05-19T23:58:00","date_gmt":"2009-05-20T03:58:00","guid":{"rendered":"http:\/\/www.redenoticia.com.br\/noticia\/?p=1788"},"modified":"2009-05-19T23:58:00","modified_gmt":"2009-05-20T03:58:00","slug":"social-do-rede-noticia-abracos-desta-quarta-20-vao-para%e2%80%a6","status":"publish","type":"post","link":"https:\/\/migracao.redenoticia.com.br\/noticia\/2009\/social-do-rede-noticia-abracos-desta-quarta-20-vao-para%e2%80%a6\/1788","title":{"rendered":"Social do Rede Not\u00edcia &#8211; Abra\u00e7os desta quarta (20) v\u00e3o para\u2026"},"content":{"rendered":"<p><span style=\"font-family: Arial;\">&#8211; abra\u00e7o aos leitores ass\u00edduos;<\/span><\/p>\n<p><span style=\"font-family: Arial;\">&#8211; ao vereador Jess\u00e9, pela sua hist\u00f3ria de dedica\u00e7\u00e3o \u00e0 pol\u00edtica e ao PDT de Rond\u00f4nia;<\/span><\/p>\n<p><span style=\"font-family: Arial;\">&#8211; ao Doutor Ivan Machiavelli, vice-presidente da OAB, por sua luta pelo direto do cidad\u00e3o;<\/span><\/p>\n<p><span style=\"font-family: Arial;\">&#8211; ao Roberto Gutierrez, presidente da AIRON e parceiro deste site.<\/span><\/p>\n<p><span style=\"font-family: Arial;\">Aproveite para mandar o seu abra\u00e7o atrav\u00e9s do campo abaixo \u201cComent\u00e1rios\u201d. <\/span><\/p>\n<p><span style=\"font-family: Arial;\">Mande que n\u00f3s publicamos.<\/span><\/p>\n","protected":false},"excerpt":{"rendered":"<p>&#8211; abra\u00e7o aos leitores ass\u00edduos; &#8211; ao vereador Jess\u00e9, pela sua hist\u00f3ria de dedica\u00e7\u00e3o \u00e0 pol\u00edtica e ao PDT de Rond\u00f4nia; &#8211; ao Doutor Ivan Machiavelli, vice-presidente da OAB, por sua luta pelo direto do cidad\u00e3o; &#8211; ao Roberto Gutierrez, presidente da AIRON e parceiro deste site. Aproveite para mandar o seu abra\u00e7o atrav\u00e9s do [&hellip;]<\/p>\n","protected":false},"author":3,"featured_media":0,"comment_status":"open","ping_status":"open","sticky":false,"template":"","format":"standard","meta":{"tdm_status":"","tdm_grid_status":"","footnotes":""},"categories":[22],"tags":[],"class_list":{"0":"post-1788","1":"post","2":"type-post","3":"status-publish","4":"format-standard","6":"category-brasil"},"_links":{"self":[{"href":"https:\/\/migracao.redenoticia.com.br\/noticia\/wp-json\/wp\/v2\/posts\/1788","targetHints":{"allow":["GET"]}}],"collection":[{"href":"https:\/\/migracao.redenoticia.com.br\/noticia\/wp-json\/wp\/v2\/posts"}],"about":[{"href":"https:\/\/migracao.redenoticia.com.br\/noticia\/wp-json\/wp\/v2\/types\/post"}],"author":[{"embeddable":true,"href":"https:\/\/migracao.redenoticia.com.br\/noticia\/wp-json\/wp\/v2\/users\/3"}],"replies":[{"embeddable":true,"href":"https:\/\/migracao.redenoticia.com.br\/noticia\/wp-json\/wp\/v2\/comments?post=1788"}],"version-history":[{"count":0,"href":"https:\/\/migracao.redenoticia.com.br\/noticia\/wp-json\/wp\/v2\/posts\/1788\/revisions"}],"wp:attachment":[{"href":"https:\/\/migracao.redenoticia.com.br\/noticia\/wp-json\/wp\/v2\/media?parent=1788"}],"wp:term":[{"taxonomy":"category","embeddable":true,"href":"https:\/\/migracao.redenoticia.com.br\/noticia\/wp-json\/wp\/v2\/categories?post=1788"},{"taxonomy":"post_tag","embeddable":true,"href":"https:\/\/migracao.redenoticia.com.br\/noticia\/wp-json\/wp\/v2\/tags?post=1788"}],"curies":[{"name":"wp","href":"https:\/\/api.w.org\/{rel}","templated":true}]}}