{"id":178927,"date":"2019-07-17T22:40:49","date_gmt":"2019-07-18T01:40:49","guid":{"rendered":"https:\/\/www.redenoticia.com.br\/noticia\/?p=178927"},"modified":"2019-07-17T23:10:39","modified_gmt":"2019-07-18T02:10:39","slug":"novela-a-dona-do-pedaco-fabiana-assume-que-sente-inveja-de-vivi","status":"publish","type":"post","link":"https:\/\/migracao.redenoticia.com.br\/noticia\/2019\/novela-a-dona-do-pedaco-fabiana-assume-que-sente-inveja-de-vivi\/178927","title":{"rendered":"Novela \u201cA Dona do Peda\u00e7o\u201d: Fabiana assume que sente inveja de Vivi"},"content":{"rendered":"<p><strong><em><img loading=\"lazy\" decoding=\"async\" class=\"aligncenter size-large wp-image-177402\" src=\"https:\/\/migracao.redenoticia.com.br\/noticia\/imagens\/A-Dona-do-Pedaco-globo-15-283x300.jpg\" alt=\"\" width=\"283\" height=\"300\" srcset=\"https:\/\/migracao.redenoticia.com.br\/noticia\/imagens\/A-Dona-do-Pedaco-globo-15-283x300.jpg 283w, https:\/\/migracao.redenoticia.com.br\/noticia\/imagens\/A-Dona-do-Pedaco-globo-15-176x187.jpg 176w, https:\/\/migracao.redenoticia.com.br\/noticia\/imagens\/A-Dona-do-Pedaco-globo-15.jpg 642w\" sizes=\"auto, (max-width: 283px) 100vw, 283px\" \/><\/em><\/strong><\/p>\n<p><strong><em>Novela &#8220;A Dona do Peda\u00e7o\u201d:<\/em><\/strong> Fabiana (Nathalia Dill) aceita ser laranja no golpe de Agno (Malvino Salvador) e se torna s\u00f3cia da construtora. Vivi (Paolla Oliveira) desconfia, a chama de invejosa e a expulsa de sua casa. Na semana seguinte, Fabiana procura Vivi: &#8220;Eu s\u00f3 posso abrir meu cora\u00e7\u00e3o. Vivi. Voc\u00ea disse que sou invejosa, e talvez eu seja invejosa mesmo&#8230; invejosa por voc\u00ea ter uma fam\u00edlia, por ter sido criada com pais t\u00e3o amorosos. Eu fui criada no convento&#8221;.<\/p>\n<p>Vivi pergunta: &#8220;As freiras n\u00e3o te amavam? Voc\u00ea mesma disse que a madre superiora era como uma m\u00e3e pra voc\u00ea. Tanto que deixou sua fortuna em heran\u00e7a&#8221;.<\/p>\n<p>Fabiana argumenta: &#8220;Deixou. Eu posso provar se voc\u00ea quiser. Mas&#8230; Vivi, embora ela tivesse muito carinho por mim, n\u00e3o era como uma m\u00e3e. Eu vivia com as outras meninas, talvez eu nunca tenha tido a dimens\u00e3o at\u00e9 do amor dessa religiosa. Ent\u00e3o&#8230; Eu invejei voc\u00ea, confesso. Invejei, mas quem n\u00e3o invejaria com pais t\u00e3o maravilhosos? &#8230; Talvez eu tenha magoado voc\u00ea, ofendido&#8230; Mas Vivi n\u00e3o quero continuar brigada. Voc\u00ea \u00e9 a \u00fanica irm\u00e3 que eu tenho. Irm\u00e3 n\u00e3o, fam\u00edlia. \u00c9 a \u00fanica fam\u00edlia que eu tenho nesse mundo&#8221;. Elas se acertam e se abra\u00e7am. Cena prevista para dia 26 na novela \u201cA Dona do Peda\u00e7o\u201d.<\/p>\n<p>Sinopse \u201cA Dona do Peda\u00e7o\u201d: a novela enaltece a trajet\u00f3ria de Maria da Paz (Juliana Paes), uma jovem humilde, da cidade fict\u00edcia de Rio Vermelho, no Esp\u00edrito Santo. Maria vem de uma fam\u00edlia de justiceiros profissionais, os Ramirez, e se apaixona justamente por Amadeu (Marcos Palmeira), advogado formado em Vit\u00f3ria e membro do cl\u00e3 rival nos neg\u00f3cios, os Matheus. A trama, dividida em um pr\u00f3logo e duas fases, traz uma hist\u00f3ria de amor com elementos \u00e0 Romeu e Julieta, sem perder o humor, que permeia todo o folhetim.<\/p>\n","protected":false},"excerpt":{"rendered":"<p>Novela &#8220;A Dona do Peda\u00e7o\u201d: Fabiana (Nathalia Dill) aceita ser laranja no golpe de Agno (Malvino Salvador) e se torna s\u00f3cia da construtora. Vivi (Paolla Oliveira) desconfia, a chama de invejosa e a expulsa de sua casa. Na semana seguinte, Fabiana procura Vivi: &#8220;Eu s\u00f3 posso abrir meu cora\u00e7\u00e3o. Vivi. Voc\u00ea disse que sou invejosa, [&hellip;]<\/p>\n","protected":false},"author":2,"featured_media":176787,"comment_status":"open","ping_status":"closed","sticky":false,"template":"","format":"standard","meta":{"tdm_status":"","tdm_grid_status":"","footnotes":""},"categories":[543,388,379,375,343],"tags":[440],"class_list":{"0":"post-178927","1":"post","2":"type-post","3":"status-publish","4":"format-standard","5":"has-post-thumbnail","7":"category-a-dona-do-pedaco","8":"category-destaques","9":"category-novelas","10":"category-rede-globo","11":"category-televisao","12":"tag-noticia-novela"},"_links":{"self":[{"href":"https:\/\/migracao.redenoticia.com.br\/noticia\/wp-json\/wp\/v2\/posts\/178927","targetHints":{"allow":["GET"]}}],"collection":[{"href":"https:\/\/migracao.redenoticia.com.br\/noticia\/wp-json\/wp\/v2\/posts"}],"about":[{"href":"https:\/\/migracao.redenoticia.com.br\/noticia\/wp-json\/wp\/v2\/types\/post"}],"author":[{"embeddable":true,"href":"https:\/\/migracao.redenoticia.com.br\/noticia\/wp-json\/wp\/v2\/users\/2"}],"replies":[{"embeddable":true,"href":"https:\/\/migracao.redenoticia.com.br\/noticia\/wp-json\/wp\/v2\/comments?post=178927"}],"version-history":[{"count":0,"href":"https:\/\/migracao.redenoticia.com.br\/noticia\/wp-json\/wp\/v2\/posts\/178927\/revisions"}],"wp:featuredmedia":[{"embeddable":true,"href":"https:\/\/migracao.redenoticia.com.br\/noticia\/wp-json\/wp\/v2\/media\/176787"}],"wp:attachment":[{"href":"https:\/\/migracao.redenoticia.com.br\/noticia\/wp-json\/wp\/v2\/media?parent=178927"}],"wp:term":[{"taxonomy":"category","embeddable":true,"href":"https:\/\/migracao.redenoticia.com.br\/noticia\/wp-json\/wp\/v2\/categories?post=178927"},{"taxonomy":"post_tag","embeddable":true,"href":"https:\/\/migracao.redenoticia.com.br\/noticia\/wp-json\/wp\/v2\/tags?post=178927"}],"curies":[{"name":"wp","href":"https:\/\/api.w.org\/{rel}","templated":true}]}}