{"id":1790,"date":"2009-05-19T21:48:15","date_gmt":"2009-05-20T01:48:15","guid":{"rendered":"http:\/\/www.redenoticia.com.br\/noticia\/?p=1790"},"modified":"2009-05-19T21:48:15","modified_gmt":"2009-05-20T01:48:15","slug":"facer-traca-planejamento-estrategico-da-nova-diretoria","status":"publish","type":"post","link":"https:\/\/migracao.redenoticia.com.br\/noticia\/2009\/facer-traca-planejamento-estrategico-da-nova-diretoria\/1790","title":{"rendered":"Facer tra\u00e7a planejamento estrat\u00e9gico da nova diretoria"},"content":{"rendered":"<p><span style=\"font-size: 12px;\"><\/p>\n<p class=\"MsoNormal\" style=\"margin: 0cm 0cm 0pt; text-align: justify;\"><span style=\"font-family: Verdana;\">No \u00faltimo s\u00e1bado (16), os diretores da Federa\u00e7\u00e3o  das Associa\u00e7\u00f5es Comerciais e Empresariais de Rond\u00f4nia (Facer) estiveram reunidos  em Ji-Paran\u00e1 para realizar o planejamento estrat\u00e9gico 2009\/2010, da entidade. Na  ocasi\u00e3o, se fizeram presentes tamb\u00e9m os consultores da Federa\u00e7\u00e3o.<\/span><\/p>\n<p class=\"MsoNormal\" style=\"margin: 0cm 0cm 0pt; text-align: justify;\"><span style=\"font-family: Verdana;\"> <\/span><\/p>\n<p class=\"MsoNormal\" style=\"margin: 0cm 0cm 0pt; text-align: justify;\"><span style=\"font-family: Verdana;\">Segundo o presidente da Facer, Ednei Pereira, entre  os assuntos discutidos esteve a apresenta\u00e7\u00e3o de novos produtos a serem  oferecidos para as associa\u00e7\u00f5es, a forma\u00e7\u00e3o de uma comitiva com os diretores das  mesmas para uma viagem \u00e0 Alemanha, refer\u00eancia no sistema associativista, e a  busca de conhecimento e intera\u00e7\u00e3o entre as entidades. &#8220;Fizemos ainda a cria\u00e7\u00e3o  de n\u00facleos setoriais nas micro regi\u00f5es de Rond\u00f4nia para o atendimento no  fornecimento de produtos para a empresa Camargo Correa, al\u00e9m da apresenta\u00e7\u00e3o de  um trof\u00e9u com metodologia da Funda\u00e7\u00e3o Nacional da Qualidade para premiar as  empresas destaques em cada ramo, em car\u00e1ter municipal e estadual&#8221;,  destacou.<\/span><\/p>\n<p class=\"MsoNormal\" style=\"margin: 0cm 0cm 0pt; text-align: justify;\"><span style=\"font-family: Verdana;\"> <\/span><\/p>\n<p class=\"MsoNormal\" style=\"margin: 0cm 0cm 0pt; text-align: justify;\"><span style=\"font-family: Verdana;\">A reuni\u00e3o que acontece a cada tr\u00eas meses, foi a  primeira da nova diretoria eleita em mar\u00e7o deste ano e tratou ainda do  cronograma de a\u00e7\u00e3o para as associa\u00e7\u00f5es e de v\u00e1rios projetos em desenvolvimento  que em breve ser\u00e3o divulgados para o empres\u00e1rio de Rond\u00f4nia. &#8220;Toda a diretoria  participou de forma produtiva com propostas e discuss\u00f5es de forma coerente e com  muita disposi\u00e7\u00e3o para dar andamento nos projetos e solu\u00e7\u00f5es apresentadas pela  Facer&#8221;, acrescentou Ednei Pereira.<\/span><\/p>\n<p class=\"MsoNormal\" style=\"margin: 0cm 0cm 0pt; text-align: justify;\"><span style=\"font-family: Verdana;\"> <\/span><\/p>\n<p class=\"MsoNormal\" style=\"margin: 0cm 0cm 0pt; text-align: justify;\"><span style=\"font-family: Verdana;\">De acordo com o conselheiro da Facer e presidente  da Associa\u00e7\u00e3o Comercial e Industrial de Ji-Paran\u00e1 (ACIJIP), Marcito Pinto, o  encontro fortaleceu os interesses da entidade e de suas 36 associa\u00e7\u00f5es dispostas  por todo o Estado. &#8220;Essa parceria \u00e9 fundamental e comprova o apoio dado pela  Federa\u00e7\u00e3o principalmente para incentivar o desenvolvimento econ\u00f4mico das  pequenas cidades que buscam se fortalecer&#8221;, ressaltou. <\/span><\/p>\n<p class=\"MsoNormal\" style=\"margin: 0cm 0cm 0pt; text-align: justify;\"><span style=\"font-family: Verdana;\"> <\/span><\/p>\n<p class=\"MsoNormal\" style=\"margin: 0cm 0cm 0pt; text-align: justify;\"><span style=\"font-family: Verdana;\">Na ocasi\u00e3o, os consultores fizeram quest\u00e3o de  trazer a reflex\u00e3o sobre o diagn\u00f3stico econ\u00f4mico feito nos munic\u00edpios escolhidos  pela Federa\u00e7\u00e3o durante mais uma etapa do programa &#8220;Facer Capacita&#8221;. &#8220;Em  especial, na cidade de Ji-Paran\u00e1, o que mais se destacou foi a situa\u00e7\u00e3o  favor\u00e1vel de sua localiza\u00e7\u00e3o. O munic\u00edpio, considerado muito promissor,  demonstra empresas aumentando suas receitas e investindo em cada segmento&#8221;,  argumentou o consultor Marcos Fortunato. <\/span><\/p>\n<p><span style=\"font-size: 12px;\">Fonte: Assessoria<\/span><\/span><\/p>\n","protected":false},"excerpt":{"rendered":"<p>No \u00faltimo s\u00e1bado (16), os diretores da Federa\u00e7\u00e3o das Associa\u00e7\u00f5es Comerciais e Empresariais de Rond\u00f4nia (Facer) estiveram reunidos em Ji-Paran\u00e1 para realizar o planejamento estrat\u00e9gico 2009\/2010, da entidade. Na ocasi\u00e3o, se fizeram presentes tamb\u00e9m os consultores da Federa\u00e7\u00e3o. Segundo o presidente da Facer, Ednei Pereira, entre os assuntos discutidos esteve a apresenta\u00e7\u00e3o de novos produtos [&hellip;]<\/p>\n","protected":false},"author":3,"featured_media":0,"comment_status":"open","ping_status":"open","sticky":false,"template":"","format":"standard","meta":{"tdm_status":"","tdm_grid_status":"","footnotes":""},"categories":[22],"tags":[],"class_list":{"0":"post-1790","1":"post","2":"type-post","3":"status-publish","4":"format-standard","6":"category-brasil"},"_links":{"self":[{"href":"https:\/\/migracao.redenoticia.com.br\/noticia\/wp-json\/wp\/v2\/posts\/1790","targetHints":{"allow":["GET"]}}],"collection":[{"href":"https:\/\/migracao.redenoticia.com.br\/noticia\/wp-json\/wp\/v2\/posts"}],"about":[{"href":"https:\/\/migracao.redenoticia.com.br\/noticia\/wp-json\/wp\/v2\/types\/post"}],"author":[{"embeddable":true,"href":"https:\/\/migracao.redenoticia.com.br\/noticia\/wp-json\/wp\/v2\/users\/3"}],"replies":[{"embeddable":true,"href":"https:\/\/migracao.redenoticia.com.br\/noticia\/wp-json\/wp\/v2\/comments?post=1790"}],"version-history":[{"count":0,"href":"https:\/\/migracao.redenoticia.com.br\/noticia\/wp-json\/wp\/v2\/posts\/1790\/revisions"}],"wp:attachment":[{"href":"https:\/\/migracao.redenoticia.com.br\/noticia\/wp-json\/wp\/v2\/media?parent=1790"}],"wp:term":[{"taxonomy":"category","embeddable":true,"href":"https:\/\/migracao.redenoticia.com.br\/noticia\/wp-json\/wp\/v2\/categories?post=1790"},{"taxonomy":"post_tag","embeddable":true,"href":"https:\/\/migracao.redenoticia.com.br\/noticia\/wp-json\/wp\/v2\/tags?post=1790"}],"curies":[{"name":"wp","href":"https:\/\/api.w.org\/{rel}","templated":true}]}}