{"id":179106,"date":"2019-07-25T22:54:18","date_gmt":"2019-07-26T01:54:18","guid":{"rendered":"https:\/\/www.redenoticia.com.br\/noticia\/?p=179106"},"modified":"2019-07-27T17:51:19","modified_gmt":"2019-07-27T20:51:19","slug":"novela-a-dona-do-pedaco-jo-humilha-britney-e-abel","status":"publish","type":"post","link":"https:\/\/migracao.redenoticia.com.br\/noticia\/2019\/novela-a-dona-do-pedaco-jo-humilha-britney-e-abel\/179106","title":{"rendered":"Novela \u201cA Dona do Peda\u00e7o\u201d: J\u00f4 humilha Britney e Abel"},"content":{"rendered":"<p><strong><em><img loading=\"lazy\" decoding=\"async\" class=\"aligncenter size-large wp-image-177863\" src=\"https:\/\/migracao.redenoticia.com.br\/noticia\/imagens\/A-Dona-do-Pedaco-globo-08-303x300.jpg\" alt=\"\" width=\"303\" height=\"300\" srcset=\"https:\/\/migracao.redenoticia.com.br\/noticia\/imagens\/A-Dona-do-Pedaco-globo-08-303x300.jpg 303w, https:\/\/migracao.redenoticia.com.br\/noticia\/imagens\/A-Dona-do-Pedaco-globo-08-189x187.jpg 189w, https:\/\/migracao.redenoticia.com.br\/noticia\/imagens\/A-Dona-do-Pedaco-globo-08.jpg 606w\" sizes=\"auto, (max-width: 303px) 100vw, 303px\" \/><\/em><\/strong><\/p>\n<p><strong><em>Novela &#8220;A Dona do Peda\u00e7o\u201d:<\/em><\/strong> Pressionada pela filha, Maria da Paz (Juliana Paes) compra uma mans\u00e3o e manda decorar o local. Britney (Glamour Garcia) prova os bolos e confessa para Abel (Pedro Carvalho): \u201cTou louca pra ver a mans\u00e3o da Maria da Paz\u201d. Abel acredita que eles ser\u00e3o convidados para uma recep\u00e7\u00e3o na inaugura\u00e7\u00e3o da resid\u00eancia, Josiane (Agatha Moreira) e a decoradora ouvem o coment\u00e1rio e a mimada diverge: \u201cPra ser sincera, n\u00e3o sei. Vai ter festa, mas vai ser pra outro tipo de pessoa. C\u00eas n\u00e3o t\u00e3o no padr\u00e3o\u201d.<\/p>\n<p>A decoradora opina: \u201cN\u00e3o adianta ter uma mans\u00e3o daquelas se \u00e9 para receber indigentes\u201d. O portugu\u00eas reage e a decoradora se dirige \u00e0 J\u00f4: \u201cDiga para sua m\u00e3e que n\u00e3o deve misturar o profissional com o pessoal\u201d. Cena prevista para dia 02 de agosto na novela \u201cA Dona do Peda\u00e7o\u201d.<\/p>\n<p>Sinopse \u201cA Dona do Peda\u00e7o\u201d: a novela enaltece a trajet\u00f3ria de Maria da Paz (Juliana Paes), uma jovem humilde, da cidade fict\u00edcia de Rio Vermelho, no Esp\u00edrito Santo. Maria vem de uma fam\u00edlia de justiceiros profissionais, os Ramirez, e se apaixona justamente por Amadeu (Marcos Palmeira), advogado formado em Vit\u00f3ria e membro do cl\u00e3 rival nos neg\u00f3cios, os Matheus. A trama, dividida em um pr\u00f3logo e duas fases, traz uma hist\u00f3ria de amor com elementos \u00e0 Romeu e Julieta, sem perder o humor, que permeia todo o folhetim.<\/p>\n","protected":false},"excerpt":{"rendered":"<p>Novela &#8220;A Dona do Peda\u00e7o\u201d: Pressionada pela filha, Maria da Paz (Juliana Paes) compra uma mans\u00e3o e manda decorar o local. Britney (Glamour Garcia) prova os bolos e confessa para Abel (Pedro Carvalho): \u201cTou louca pra ver a mans\u00e3o da Maria da Paz\u201d. Abel acredita que eles ser\u00e3o convidados para uma recep\u00e7\u00e3o na inaugura\u00e7\u00e3o da [&hellip;]<\/p>\n","protected":false},"author":2,"featured_media":178143,"comment_status":"open","ping_status":"closed","sticky":false,"template":"","format":"standard","meta":{"tdm_status":"","tdm_grid_status":"","footnotes":""},"categories":[543,388,379,375,343],"tags":[440],"class_list":{"0":"post-179106","1":"post","2":"type-post","3":"status-publish","4":"format-standard","5":"has-post-thumbnail","7":"category-a-dona-do-pedaco","8":"category-destaques","9":"category-novelas","10":"category-rede-globo","11":"category-televisao","12":"tag-noticia-novela"},"_links":{"self":[{"href":"https:\/\/migracao.redenoticia.com.br\/noticia\/wp-json\/wp\/v2\/posts\/179106","targetHints":{"allow":["GET"]}}],"collection":[{"href":"https:\/\/migracao.redenoticia.com.br\/noticia\/wp-json\/wp\/v2\/posts"}],"about":[{"href":"https:\/\/migracao.redenoticia.com.br\/noticia\/wp-json\/wp\/v2\/types\/post"}],"author":[{"embeddable":true,"href":"https:\/\/migracao.redenoticia.com.br\/noticia\/wp-json\/wp\/v2\/users\/2"}],"replies":[{"embeddable":true,"href":"https:\/\/migracao.redenoticia.com.br\/noticia\/wp-json\/wp\/v2\/comments?post=179106"}],"version-history":[{"count":0,"href":"https:\/\/migracao.redenoticia.com.br\/noticia\/wp-json\/wp\/v2\/posts\/179106\/revisions"}],"wp:featuredmedia":[{"embeddable":true,"href":"https:\/\/migracao.redenoticia.com.br\/noticia\/wp-json\/wp\/v2\/media\/178143"}],"wp:attachment":[{"href":"https:\/\/migracao.redenoticia.com.br\/noticia\/wp-json\/wp\/v2\/media?parent=179106"}],"wp:term":[{"taxonomy":"category","embeddable":true,"href":"https:\/\/migracao.redenoticia.com.br\/noticia\/wp-json\/wp\/v2\/categories?post=179106"},{"taxonomy":"post_tag","embeddable":true,"href":"https:\/\/migracao.redenoticia.com.br\/noticia\/wp-json\/wp\/v2\/tags?post=179106"}],"curies":[{"name":"wp","href":"https:\/\/api.w.org\/{rel}","templated":true}]}}