{"id":179216,"date":"2019-07-17T08:25:34","date_gmt":"2019-07-17T11:25:34","guid":{"rendered":"https:\/\/www.redenoticia.com.br\/noticia\/?p=179216"},"modified":"2019-07-17T08:25:41","modified_gmt":"2019-07-17T11:25:41","slug":"resumo-novela-as-aventuras-de-poliana-18-07-poliana-prepara-jantar-para-bento-e-joao","status":"publish","type":"post","link":"https:\/\/migracao.redenoticia.com.br\/noticia\/2019\/resumo-novela-as-aventuras-de-poliana-18-07-poliana-prepara-jantar-para-bento-e-joao\/179216","title":{"rendered":"Resumo novela \u201cAs Aventuras de Poliana\u201d 18\/07: Poliana prepara jantar para Bento e Jo\u00e3o"},"content":{"rendered":"<p><strong><em><img loading=\"lazy\" decoding=\"async\" class=\"aligncenter size-large wp-image-148662\" src=\"https:\/\/migracao.redenoticia.com.br\/noticia\/imagens\/as-aventuras-de-poliana-novela-400x267.jpg\" alt=\"\" width=\"400\" height=\"267\" srcset=\"https:\/\/migracao.redenoticia.com.br\/noticia\/imagens\/as-aventuras-de-poliana-novela-400x267.jpg 400w, https:\/\/migracao.redenoticia.com.br\/noticia\/imagens\/as-aventuras-de-poliana-novela-250x167.jpg 250w, https:\/\/migracao.redenoticia.com.br\/noticia\/imagens\/as-aventuras-de-poliana-novela-150x100.jpg 150w, https:\/\/migracao.redenoticia.com.br\/noticia\/imagens\/as-aventuras-de-poliana-novela.jpg 600w\" sizes=\"auto, (max-width: 400px) 100vw, 400px\" \/>Resumo novela \u201cAs Aventuras de Poliana\u201d 18\/07<\/em><\/strong>: no cap\u00edtulo 307(*) da novela, resumo de quinta-feira, 18 de julho, devido a \u201cbrincadeira\u201d que fizeram com Bento, Eric e Hugo s\u00e3o convidados a se retirar da escola. Desconfiados de que Sophie seja uma Androidiana, as crian\u00e7as do Clubinho come\u00e7am a investigar a professora. Ruth reconsidera a expuls\u00e3o dos meninos, por\u00e9m o pai de Eric est\u00e1 decidido a retira-lo da escola. Poliana descobre que Eric ir\u00e1 sair da escola, e com a ajuda de seus amigos, decide fazer algo para impedir. Roger prop\u00f5e a OTTO, que o deixe ficar a frente da organiza\u00e7\u00e3o do Campo de F\u00e9rias. Estimulando a pr\u00e1tica do perd\u00e3o, Poliana recolhe assinaturas e prop\u00f5e a\u00e7\u00f5es para ajudar Eric a ficar na escola. Gabi sugere que Vini pare de usar seus \u00f3culos e d\u00e1 ao namorado uma caixa de lentes de contato. Falc\u00e3o convida Z\u00f3io e Mosquito a se unirem a ele.<\/p>\n<p>Nancy esconde da av\u00f3 que voltou com Waldisney. Sophie se apresenta com sua banda \u201cAbandonadas no Altar\u201d na padaria de Durval. Ver\u00f4nica pede a Roger que o apoio da O11O nos projetos do CLP. Em clima de romance os convidados curtem o show da banda \u201cAbandonadas no altar\u201d, com exce\u00e7\u00e3o de Raquel e Guilherme, que continuam brigados. Para fazer ci\u00fames em Marcelo e Luisa, D\u00e9bora e Afonso tentam chamar a aten\u00e7\u00e3o do casal. Poliana prepara um jantar especial para que seus amigos Bento e Jo\u00e3o fa\u00e7am as pazes.<\/p>\n<p>(*) edi\u00e7\u00e3o do SBT, Novela \u201cAs Aventuras de Poliana\u201d, sujeito a altera\u00e7\u00e3o de data e conte\u00fado.<\/p>\n<p>Poliana \u00e9 uma menina extrovertida e de bom cora\u00e7\u00e3o que viajava o Brasil com seus pais, Lorenzo e Alice, no grupo circense Trupe Vagalume. Aos onze anos a garota v\u00ea seu mundo desabar quando seus pais falecem e ela tem que ir morar em S\u00e3o Paulo com sua tia Lu\u00edsa, uma mulher rica e severa, a qual ela n\u00e3o conhecia e que n\u00e3o queria cuidar dela, embora sinta que \u00e9 sua obriga\u00e7\u00e3o pela alma de sua irm\u00e3. Apesar do jeito da rigidez da tia, Poliana decide ter uma vis\u00e3o positiva e inabal\u00e1vel da vida, mesmo nos momentos de dificuldade, tentando levar um pouco de felicidade para a vida de cada um dos seus novos amigos e vizinhos, como o Sr. Pendleton, um homem rico e infeliz por nunca ter tido filhos. Ela vai estudar no col\u00e9gio de Ruth, uma diretora de bom cora\u00e7\u00e3o que a ajuda a se adaptar, mas tem que lidar com as vilanias de Mirela, garota mais velha que n\u00e3o aceita perder a popularidade para uma novata.<\/p>\n","protected":false},"excerpt":{"rendered":"<p>Resumo novela \u201cAs Aventuras de Poliana\u201d 18\/07: no cap\u00edtulo 307(*) da novela, resumo de quinta-feira, 18 de julho, devido a \u201cbrincadeira\u201d que fizeram com Bento, Eric e Hugo s\u00e3o convidados a se retirar da escola. Desconfiados de que Sophie seja uma Androidiana, as crian\u00e7as do Clubinho come\u00e7am a investigar a professora. Ruth reconsidera a expuls\u00e3o [&hellip;]<\/p>\n","protected":false},"author":4,"featured_media":148663,"comment_status":"open","ping_status":"closed","sticky":false,"template":"","format":"standard","meta":{"tdm_status":"","tdm_grid_status":"","footnotes":""},"categories":[477,379,372,343],"tags":[441],"class_list":{"0":"post-179216","1":"post","2":"type-post","3":"status-publish","4":"format-standard","5":"has-post-thumbnail","7":"category-as-aventuras-de-poliana","8":"category-novelas","9":"category-sbt","10":"category-televisao","11":"tag-resumo-do-dia"},"_links":{"self":[{"href":"https:\/\/migracao.redenoticia.com.br\/noticia\/wp-json\/wp\/v2\/posts\/179216","targetHints":{"allow":["GET"]}}],"collection":[{"href":"https:\/\/migracao.redenoticia.com.br\/noticia\/wp-json\/wp\/v2\/posts"}],"about":[{"href":"https:\/\/migracao.redenoticia.com.br\/noticia\/wp-json\/wp\/v2\/types\/post"}],"author":[{"embeddable":true,"href":"https:\/\/migracao.redenoticia.com.br\/noticia\/wp-json\/wp\/v2\/users\/4"}],"replies":[{"embeddable":true,"href":"https:\/\/migracao.redenoticia.com.br\/noticia\/wp-json\/wp\/v2\/comments?post=179216"}],"version-history":[{"count":0,"href":"https:\/\/migracao.redenoticia.com.br\/noticia\/wp-json\/wp\/v2\/posts\/179216\/revisions"}],"wp:featuredmedia":[{"embeddable":true,"href":"https:\/\/migracao.redenoticia.com.br\/noticia\/wp-json\/wp\/v2\/media\/148663"}],"wp:attachment":[{"href":"https:\/\/migracao.redenoticia.com.br\/noticia\/wp-json\/wp\/v2\/media?parent=179216"}],"wp:term":[{"taxonomy":"category","embeddable":true,"href":"https:\/\/migracao.redenoticia.com.br\/noticia\/wp-json\/wp\/v2\/categories?post=179216"},{"taxonomy":"post_tag","embeddable":true,"href":"https:\/\/migracao.redenoticia.com.br\/noticia\/wp-json\/wp\/v2\/tags?post=179216"}],"curies":[{"name":"wp","href":"https:\/\/api.w.org\/{rel}","templated":true}]}}