{"id":179264,"date":"2019-07-18T14:48:15","date_gmt":"2019-07-18T17:48:15","guid":{"rendered":"https:\/\/www.redenoticia.com.br\/noticia\/?p=179264"},"modified":"2019-07-18T14:48:19","modified_gmt":"2019-07-18T17:48:19","slug":"resumo-novela-cumplices-de-um-resgate-19-07-joel-demite-luis-do-haras","status":"publish","type":"post","link":"https:\/\/migracao.redenoticia.com.br\/noticia\/2019\/resumo-novela-cumplices-de-um-resgate-19-07-joel-demite-luis-do-haras\/179264","title":{"rendered":"Resumo novela \u201cC\u00famplices de um Resgate\u201d 19\/07: Joel demite Luis do haras"},"content":{"rendered":"<p><img loading=\"lazy\" decoding=\"async\" class=\"aligncenter size-large wp-image-164526\" src=\"https:\/\/migracao.redenoticia.com.br\/noticia\/imagens\/cumplices-de-um-resgate-001-316x300.jpg\" alt=\"\" width=\"316\" height=\"300\" srcset=\"https:\/\/migracao.redenoticia.com.br\/noticia\/imagens\/cumplices-de-um-resgate-001-316x300.jpg 316w, https:\/\/migracao.redenoticia.com.br\/noticia\/imagens\/cumplices-de-um-resgate-001-197x187.jpg 197w, https:\/\/migracao.redenoticia.com.br\/noticia\/imagens\/cumplices-de-um-resgate-001-150x143.jpg 150w, https:\/\/migracao.redenoticia.com.br\/noticia\/imagens\/cumplices-de-um-resgate-001.jpg 526w\" sizes=\"auto, (max-width: 316px) 100vw, 316px\" \/> Resumo novela \u201cC\u00famplices de um Resgate\u201d 19\/07: no cap\u00edtulo 140(*) da novela, sexta-feira, 19 de julho, Omar obriga um funcion\u00e1rio do haras a selar seu cavalo. Ele consegue fazer com que T\u00e9o cavalgue primeiro, para ver se o cavalo realmente \u00e9 arisco. T\u00e9o se d\u00e1 bem com Dourado e monta sem problemas. Em seguida, Omar monta, cavalga r\u00e1pido e acaba caindo. O menino levanta com raiva e tira o cinto para bater no animal. Mateus o impede. Mais tarde, Omar tenta fazer com T\u00e9o caia no lago, mas Mateus n\u00e3o deixa e enfrenta o garoto. Manuela diz para Isabela que Geraldo foi o respons\u00e1vel pela escolha das fotos. Omar mente para seu pai dizendo que levou uma surra de T\u00e9o e Mateus por inveja de seu presente. Ele ainda disse que Mateus o desafiou a montar no cavalo e, para n\u00e3o parecer covarde, ele aceitou o desafio.<\/p>\n<p>No por\u00e3o, a perna de Isabela passa a doer mais. Mateus conta a seus pais o que aconteceu durante a festa. Manuela diz para a irm\u00e3 que elas devem dar um jeito de levar Isabela ao hospital. Joel vai tirar satisfa\u00e7\u00e3o com Luis sobre o que aconteceu na festa com seus filhos e o demite. Safira diz para Tom\u00e1s que mexeram nas suas coisas. Ele se faz de desentendido e diz que suspeita de Frederico. Manuela distrai Sandro enquanto Of\u00e9lio leva Isabela ao hospital. Luis conta a sua fam\u00edlia sobre sua demiss\u00e3o. Mateus pensa que \u00e9 tudo por culpa dele.<\/p>\n<p>(*) edi\u00e7\u00e3o do SBT, Novela \u201cC\u00famplices de um Resgate\u201d, sujeito a altera\u00e7\u00e3o de data e conte\u00fado.<\/p>\n","protected":false},"excerpt":{"rendered":"<p>Resumo novela \u201cC\u00famplices de um Resgate\u201d 19\/07: no cap\u00edtulo 140(*) da novela, sexta-feira, 19 de julho, Omar obriga um funcion\u00e1rio do haras a selar seu cavalo. Ele consegue fazer com que T\u00e9o cavalgue primeiro, para ver se o cavalo realmente \u00e9 arisco. T\u00e9o se d\u00e1 bem com Dourado e monta sem problemas. Em seguida, Omar [&hellip;]<\/p>\n","protected":false},"author":2,"featured_media":164525,"comment_status":"open","ping_status":"closed","sticky":false,"template":"","format":"standard","meta":{"tdm_status":"","tdm_grid_status":"","footnotes":""},"categories":[379,372,343],"tags":[441],"class_list":{"0":"post-179264","1":"post","2":"type-post","3":"status-publish","4":"format-standard","5":"has-post-thumbnail","7":"category-novelas","8":"category-sbt","9":"category-televisao","10":"tag-resumo-do-dia"},"_links":{"self":[{"href":"https:\/\/migracao.redenoticia.com.br\/noticia\/wp-json\/wp\/v2\/posts\/179264","targetHints":{"allow":["GET"]}}],"collection":[{"href":"https:\/\/migracao.redenoticia.com.br\/noticia\/wp-json\/wp\/v2\/posts"}],"about":[{"href":"https:\/\/migracao.redenoticia.com.br\/noticia\/wp-json\/wp\/v2\/types\/post"}],"author":[{"embeddable":true,"href":"https:\/\/migracao.redenoticia.com.br\/noticia\/wp-json\/wp\/v2\/users\/2"}],"replies":[{"embeddable":true,"href":"https:\/\/migracao.redenoticia.com.br\/noticia\/wp-json\/wp\/v2\/comments?post=179264"}],"version-history":[{"count":0,"href":"https:\/\/migracao.redenoticia.com.br\/noticia\/wp-json\/wp\/v2\/posts\/179264\/revisions"}],"wp:featuredmedia":[{"embeddable":true,"href":"https:\/\/migracao.redenoticia.com.br\/noticia\/wp-json\/wp\/v2\/media\/164525"}],"wp:attachment":[{"href":"https:\/\/migracao.redenoticia.com.br\/noticia\/wp-json\/wp\/v2\/media?parent=179264"}],"wp:term":[{"taxonomy":"category","embeddable":true,"href":"https:\/\/migracao.redenoticia.com.br\/noticia\/wp-json\/wp\/v2\/categories?post=179264"},{"taxonomy":"post_tag","embeddable":true,"href":"https:\/\/migracao.redenoticia.com.br\/noticia\/wp-json\/wp\/v2\/tags?post=179264"}],"curies":[{"name":"wp","href":"https:\/\/api.w.org\/{rel}","templated":true}]}}