{"id":179265,"date":"2019-07-18T14:47:26","date_gmt":"2019-07-18T17:47:26","guid":{"rendered":"https:\/\/www.redenoticia.com.br\/noticia\/?p=179265"},"modified":"2019-07-18T14:47:30","modified_gmt":"2019-07-18T17:47:30","slug":"resumo-novela-as-aventuras-de-poliana-19-07-poliana-encontra-caixa-com-cartas-escritas-por-sua-mae","status":"publish","type":"post","link":"https:\/\/migracao.redenoticia.com.br\/noticia\/2019\/resumo-novela-as-aventuras-de-poliana-19-07-poliana-encontra-caixa-com-cartas-escritas-por-sua-mae\/179265","title":{"rendered":"Resumo novela \u201cAs Aventuras de Poliana\u201d 19\/07: Poliana encontra caixa com cartas escritas por sua m\u00e3e"},"content":{"rendered":"<p><strong><em><img loading=\"lazy\" decoding=\"async\" class=\"aligncenter size-large wp-image-148662\" src=\"https:\/\/migracao.redenoticia.com.br\/noticia\/imagens\/as-aventuras-de-poliana-novela-400x267.jpg\" alt=\"\" width=\"400\" height=\"267\" srcset=\"https:\/\/migracao.redenoticia.com.br\/noticia\/imagens\/as-aventuras-de-poliana-novela-400x267.jpg 400w, https:\/\/migracao.redenoticia.com.br\/noticia\/imagens\/as-aventuras-de-poliana-novela-250x167.jpg 250w, https:\/\/migracao.redenoticia.com.br\/noticia\/imagens\/as-aventuras-de-poliana-novela-150x100.jpg 150w, https:\/\/migracao.redenoticia.com.br\/noticia\/imagens\/as-aventuras-de-poliana-novela.jpg 600w\" sizes=\"auto, (max-width: 400px) 100vw, 400px\" \/>Resumo novela \u201cAs Aventuras de Poliana\u201d 19\/07<\/em><\/strong>: no cap\u00edtulo 308(*) da novela, resumo de sexta-feira, 19 de julho, durante o show, Luca dan\u00e7a com Mirela e Vini fica incomodado. Marcelo diz a Luisa que est\u00e1 com ci\u00fames de Pendleton. Ao tirar a m\u00e3o do microfone, algo estranho acontece com o bra\u00e7o de Sophie, deixando Ben\u00edcio intrigado. Guilherme e Raquel conversam para fazer as pazes, mas s\u00e3o interrompidos por Durval.<\/p>\n<p>Ben\u00edcio compartilha o que viu com seus parceiros do Clubinho, e est\u00e1 cada vez mais certo de que Sophie \u00e9 uma Andoid, mas n\u00e3o \u00e9 levado a s\u00e9rio. Jeff encontra o rapaz que fez a reforma na casa de Arlete, e vai atr\u00e1s dele em busca de informa\u00e7\u00f5es. D\u00e9bora e Afonso come\u00e7am a se aproximar. Rato amea\u00e7a Vini para que ele continue a manter seu segredo. De maneira inusitada, Poliana encontra uma caixa com cartas escritas por sua m\u00e3e no escrit\u00f3rio de Luisa.<\/p>\n<p>Confusa, Gl\u00f3ria tem um lapso de mem\u00f3ria, e vai at\u00e9 a casa de Pendleton. Ao seguir o funcion\u00e1rio da reforma, Jeff o v\u00ea entrando na O11O e entra na empresa atr\u00e1s de mais informa\u00e7\u00f5es. Fernanda briga com Durval pela rea\u00e7\u00e3o que teve com Guilherme. Mario conta aos pais que pegou as HQs que d\u00e3o continuidade a hist\u00f3ria de Vetherna.Durval avisa Lorena que ir\u00e1 sair de casa. Preocupados com Gl\u00f3ria, Marcelo e Luisa decidem leva-la para consultar um m\u00e9dico. Bento l\u00ea uma das cartas da m\u00e3e de Poliana sem permiss\u00e3o, ao tentar tira-la das m\u00e3os do menino, Jo\u00e3o acaba a rasgando.<\/p>\n<p>(*) edi\u00e7\u00e3o do SBT, Novela \u201cAs Aventuras de Poliana\u201d, sujeito a altera\u00e7\u00e3o de data e conte\u00fado.<\/p>\n<p>Poliana \u00e9 uma menina extrovertida e de bom cora\u00e7\u00e3o que viajava o Brasil com seus pais, Lorenzo e Alice, no grupo circense Trupe Vagalume. Aos onze anos a garota v\u00ea seu mundo desabar quando seus pais falecem e ela tem que ir morar em S\u00e3o Paulo com sua tia Lu\u00edsa, uma mulher rica e severa, a qual ela n\u00e3o conhecia e que n\u00e3o queria cuidar dela, embora sinta que \u00e9 sua obriga\u00e7\u00e3o pela alma de sua irm\u00e3. Apesar do jeito da rigidez da tia, Poliana decide ter uma vis\u00e3o positiva e inabal\u00e1vel da vida, mesmo nos momentos de dificuldade, tentando levar um pouco de felicidade para a vida de cada um dos seus novos amigos e vizinhos, como o Sr. Pendleton, um homem rico e infeliz por nunca ter tido filhos. Ela vai estudar no col\u00e9gio de Ruth, uma diretora de bom cora\u00e7\u00e3o que a ajuda a se adaptar, mas tem que lidar com as vilanias de Mirela, garota mais velha que n\u00e3o aceita perder a popularidade para uma novata.<\/p>\n","protected":false},"excerpt":{"rendered":"<p>Resumo novela \u201cAs Aventuras de Poliana\u201d 19\/07: no cap\u00edtulo 308(*) da novela, resumo de sexta-feira, 19 de julho, durante o show, Luca dan\u00e7a com Mirela e Vini fica incomodado. Marcelo diz a Luisa que est\u00e1 com ci\u00fames de Pendleton. Ao tirar a m\u00e3o do microfone, algo estranho acontece com o bra\u00e7o de Sophie, deixando Ben\u00edcio [&hellip;]<\/p>\n","protected":false},"author":2,"featured_media":148663,"comment_status":"open","ping_status":"closed","sticky":false,"template":"","format":"standard","meta":{"tdm_status":"","tdm_grid_status":"","footnotes":""},"categories":[477,379,372,343],"tags":[441],"class_list":{"0":"post-179265","1":"post","2":"type-post","3":"status-publish","4":"format-standard","5":"has-post-thumbnail","7":"category-as-aventuras-de-poliana","8":"category-novelas","9":"category-sbt","10":"category-televisao","11":"tag-resumo-do-dia"},"_links":{"self":[{"href":"https:\/\/migracao.redenoticia.com.br\/noticia\/wp-json\/wp\/v2\/posts\/179265","targetHints":{"allow":["GET"]}}],"collection":[{"href":"https:\/\/migracao.redenoticia.com.br\/noticia\/wp-json\/wp\/v2\/posts"}],"about":[{"href":"https:\/\/migracao.redenoticia.com.br\/noticia\/wp-json\/wp\/v2\/types\/post"}],"author":[{"embeddable":true,"href":"https:\/\/migracao.redenoticia.com.br\/noticia\/wp-json\/wp\/v2\/users\/2"}],"replies":[{"embeddable":true,"href":"https:\/\/migracao.redenoticia.com.br\/noticia\/wp-json\/wp\/v2\/comments?post=179265"}],"version-history":[{"count":0,"href":"https:\/\/migracao.redenoticia.com.br\/noticia\/wp-json\/wp\/v2\/posts\/179265\/revisions"}],"wp:featuredmedia":[{"embeddable":true,"href":"https:\/\/migracao.redenoticia.com.br\/noticia\/wp-json\/wp\/v2\/media\/148663"}],"wp:attachment":[{"href":"https:\/\/migracao.redenoticia.com.br\/noticia\/wp-json\/wp\/v2\/media?parent=179265"}],"wp:term":[{"taxonomy":"category","embeddable":true,"href":"https:\/\/migracao.redenoticia.com.br\/noticia\/wp-json\/wp\/v2\/categories?post=179265"},{"taxonomy":"post_tag","embeddable":true,"href":"https:\/\/migracao.redenoticia.com.br\/noticia\/wp-json\/wp\/v2\/tags?post=179265"}],"curies":[{"name":"wp","href":"https:\/\/api.w.org\/{rel}","templated":true}]}}