{"id":179266,"date":"2019-07-18T14:41:19","date_gmt":"2019-07-18T17:41:19","guid":{"rendered":"https:\/\/www.redenoticia.com.br\/noticia\/?p=179266"},"modified":"2020-05-29T15:26:42","modified_gmt":"2020-05-29T18:26:42","slug":"resumo-novela-a-que-nao-podia-amar-19-07-rodrigo-mata-david-a-facadas","status":"publish","type":"post","link":"https:\/\/migracao.redenoticia.com.br\/noticia\/2019\/resumo-novela-a-que-nao-podia-amar-19-07-rodrigo-mata-david-a-facadas\/179266","title":{"rendered":"Resumo novela \u201cA Que N\u00e3o Podia Amar\u201d 19\/07: Rodrigo mata David a facadas"},"content":{"rendered":"<p><strong><em><img loading=\"lazy\" decoding=\"async\" class=\"aligncenter size-large wp-image-173635\" src=\"https:\/\/migracao.redenoticia.com.br\/noticia\/imagens\/a-que-nao-podia-amar-400x271.jpg\" alt=\"\" width=\"400\" height=\"271\" srcset=\"https:\/\/migracao.redenoticia.com.br\/noticia\/imagens\/a-que-nao-podia-amar-400x271.jpg 400w, https:\/\/migracao.redenoticia.com.br\/noticia\/imagens\/a-que-nao-podia-amar-250x169.jpg 250w, https:\/\/migracao.redenoticia.com.br\/noticia\/imagens\/a-que-nao-podia-amar-560x379.jpg 560w, https:\/\/migracao.redenoticia.com.br\/noticia\/imagens\/a-que-nao-podia-amar.jpg 620w\" sizes=\"auto, (max-width: 400px) 100vw, 400px\" \/><\/em><\/strong><\/p>\n<p>Resumo da novela<strong><em> \u201cA Que N\u00e3o Podia Amar\u201d&nbsp;<\/em><\/strong> em 19\/07: no cap\u00edtulo 075(*) da novela, sexta-feira, 19 de julho, Ana Paula enfrenta David, lhe pergunta o porqu\u00ea mentiu a respeito de Miguel e do roubo do caminh\u00e3o, ele responde que foram ordens de Rog\u00e9rio para colocar seu irm\u00e3o na cadeia. Ana Paula fica chocada diante da revela\u00e7\u00e3o. Gustavo conta a Estev\u00e3o sobre a situa\u00e7\u00e3o do clembuterol e este \u00faltimo quer passar a informa\u00e7\u00e3o para Vanessa de qualquer jeito, mas o irm\u00e3o de Mercedes pede para ele esperar.<\/p>\n<p>Ana Paula se recusa a acreditar em David, o acusa de tentar prejudicar Rog\u00e9rio de toda forma. Ela diz que n\u00e3o vai permitir que fale mal de seu marido e d\u00e1 um tapa no rapaz. Rosaura e Maria chegam ao quarto e expulsam o rapaz da fazenda. Rosa est\u00e1 conversando com Mercedes, mas vai embora assim que Estev\u00e3o chega. Estev\u00e3o conta a Mercedes que Vanessa poderia ser presa. Maria adverte Elias que se Rog\u00e9rio ficar sabendo que David esteve na fazenda, ele poderia se dar muito mal.<\/p>\n<p>Gustavo conta a C\u00edntia que assim como algu\u00e9m ajudou David entrar na fazenda, algu\u00e9m poderia estar lhe ajudando a contaminar o gado com clembuterol. Estev\u00e3o diz a Mercedes que lhe d\u00f3i que Vanessa v\u00e1 para a cadeia por algo que n\u00e3o fez, a irm\u00e3 de Gustavo questiona se ele tem certeza disso. Gustavo conta a C\u00edntia o que Rosaura lhe disse sobre o clembuterol e a aconselha a manter as guardas no gado, por\u00e9m trocar as duplas. Ulisses conta a Consuelo que M\u00e1rcia est\u00e1 voltando a ser como era. Gustavo diz a Ana Paula para n\u00e3o acreditar em David, pois n\u00e3o imagina que Rog\u00e9rio seja capaz de ter feito isso. Consuelo conta a Ulisses que decidiu continuar trabalhando para ele, ele responde que pode contar com a ajuda dele e M\u00e1rcia para apoi\u00e1-la sempre. Gustavo diz a Ana Paula que vai lhe dar o tempo que precisa. Bruno diz a David que j\u00e1 est\u00e1 se encarregando de dificultar as coisas para a ado\u00e7\u00e3o de Marquinho por Rog\u00e9rio.<\/p>\n<p>Gustavo diz para C\u00edntia que qualquer coisa que precisar pode ligar para ele, mas que \u00e9 muito importante que ela realize a constru\u00e7\u00e3o do po\u00e7o. Mercedes prepara um jantar para Ernesto como pedido de desculpas pela forma como se comportou pelos m\u00f3veis de Miguel. O rapaz a perdoa, mas aconselha a amada a aprender a separar as coisas, pois h\u00e1 uma crian\u00e7a que une as duas fam\u00edlias agora. Ana e Maria temem que Marquinho se sinta sozinho. David mostra a Bruno os documentos que comprovam que Miguel jamais roubou o caminh\u00e3o da empresa. Vanessa procura Rog\u00e9rio e diz que quer ajud\u00e1-lo com os americanos, j\u00e1 que s\u00e3o s\u00f3cios. Ana Paula oferece sua ajuda a C\u00edntia para cuidar da fazenda, mas a irm\u00e3 de Rog\u00e9rio diz que a cunhada n\u00e3o deve se preocupar por trabalho e lhe questiona sobre quem realmente ama \u2013 Gustavo ou Rog\u00e9rio. Com l\u00e1grimas nos olhos, C\u00edntia pede a Ana que deixe Gustavo livre, caso o beb\u00ea seja a \u00fanica coisa que a une ao rapaz. Rodrigo mata David a facadas.<\/p>\n<p>Depois de conversar com Bruno, David \u00e9 apunhalado por Rodrigo e perde a \u00fanica prova que comprovava que Rog\u00e9rio era o culpado por Miguel ter ido para a cadeia. Vanessa e Rog\u00e9rio almo\u00e7am juntos. Ela percebe a preocupa\u00e7\u00e3o do fazendeiro e diz que agora mais que nunca precisam estar juntos. A irm\u00e3 de Ana Paula conta que n\u00e3o quer mais sociedade com David e para provar que est\u00e1 dizendo a verdade, liga para o rapaz. Quando o telefone de David toca, o corpo dele \u00e9 encontrado. Gustavo chega para o almo\u00e7o e conta a Rog\u00e9rio que ao que parece David tamb\u00e9m era o culpado pela contamina\u00e7\u00e3o do gado por clembuterol. Consuelo conta a Miguel e Dani que Ulisses quer ajud\u00e1-la a estudar. Elias nega a C\u00edntia que saiba como David entrou na fazenda. A mo\u00e7a o repreende e alerta que David n\u00e3o pode voltar a entrar na fazenda.<\/p>\n<p>Enquanto Vanessa recebe uma liga\u00e7\u00e3o, Rog\u00e9rio agradece a Gustavo por cuidar da fazenda. Quando o ex de Ana Paula se prepara para contar algo, Vanessa volta e revela que acaba de ser informada que David foi encontrado morto num estacionamento em Tuxtla. Todos ficam chocados com a not\u00edcia. Gustavo conta a Rog\u00e9rio que no dia anterior David esteve na fazenda para dizer a Ana Paula que o fazendeiro era o culpado pela pris\u00e3o de Miguel. Consuelo pede conselhos a Maria sobre a proposta de Ulisses de ajud\u00e1-la com seus estudos, ela conta que n\u00e3o se sente bem por causa da sua situa\u00e7\u00e3o com M\u00e1rcia. Maria recomenda que a mo\u00e7a pe\u00e7a para Ulisses conversar com a esposa primeiro. Gustavo diz a Rog\u00e9rio que Ana Paula n\u00e3o acreditou em David. Ana Paula pede a Elias para trazer os veterin\u00e1rios para examinarem o gado, C\u00edntia chega e diz que j\u00e1 havia solicitado isso e que Ana Paula n\u00e3o precisa se preocupar. Nesse momento, C\u00edntia recebe uma liga\u00e7\u00e3o de Vanessa contando sobre a morte de David. A irm\u00e3 de Rog\u00e9rio aproveita para contar a cunhada que Vanessa e Rog\u00e9rio est\u00e3o juntos em Tuxtla.<\/p>\n<p>Dani diz a Ernesto que est\u00e1 pronta para ajud\u00e1-lo no consult\u00f3rio. Mercedes se surpreende com a not\u00edcia e parece n\u00e3o gostar da situa\u00e7\u00e3o. Ernesto acusa Mercedes de estar sendo imatura. Ana Paula confessa a Rosaura que n\u00e3o gosta nada de saber que Rog\u00e9rio est\u00e1 com Vanessa. Elias tenta tocar C\u00edntia, mas ela diz que continua irritada com ele e o afasta. Ele a presenteia com um chicote novo. Ana Paula conta a Dani que j\u00e1 decidiu o nome do seu beb\u00ea: se for menina se chamar\u00e1 Mariana, como sua m\u00e3e, e se for menino se chamar\u00e1 Frederico, como seu pai. C\u00edntia diz a Elias que n\u00e3o pode permitir que o filho de Ana Paula seja o herdeiro de Rog\u00e9rio. Enquanto isso, o fazendeiro fica feliz ao saber que o beb\u00ea da esposa est\u00e1 fora de perigo.<\/p>\n<p>(*) edi\u00e7\u00e3o do SBT, Novela \u201cA Que N\u00e3o Podia Amar\u201d, sujeito a altera\u00e7\u00e3o de data e conte\u00fado.<\/p>\n<p>Destaques<\/p>\n<p>&#8220;A Que N\u00e3o Podia Amar&#8221;- Ana Paula, uma enfermeira humilde que se v\u00ea obrigada a trabalhar na casa de Rog\u00e9rio Montero (Jorge Salinas), um homem amargurado. Rog\u00e9rio sofre por ser parapl\u00e9gico e destrata todas as pessoas. Ana Paula atura tudo calada e o rica\u00e7o se apaixona por ela.<\/p>\n<p>Ana conhece Gustavo Duran (Jos\u00e9 Ron), um engenheiro nobre e trabalhador. Os dois se apaixonam, mas ter\u00e3o de enfrentar Rog\u00e9rio, j\u00e1 que ele tamb\u00e9m gosta da mocinha, formando assim, um tri\u00e2ngulo amoroso com terr\u00edveis consequ\u00eancias.<\/p>\n","protected":false},"excerpt":{"rendered":"<p>Resumo da novela \u201cA Que N\u00e3o Podia Amar\u201d&nbsp; em 19\/07: no cap\u00edtulo 075(*) da novela, sexta-feira, 19 de julho, Ana Paula enfrenta David, lhe pergunta o porqu\u00ea mentiu a respeito de Miguel e do roubo do caminh\u00e3o, ele responde que foram ordens de Rog\u00e9rio para colocar seu irm\u00e3o na cadeia. Ana Paula fica chocada diante [&hellip;]<\/p>\n","protected":false},"author":2,"featured_media":173627,"comment_status":"open","ping_status":"closed","sticky":false,"template":"","format":"standard","meta":{"tdm_status":"","tdm_grid_status":"","footnotes":""},"categories":[379,372,343],"tags":[441],"class_list":{"0":"post-179266","1":"post","2":"type-post","3":"status-publish","4":"format-standard","5":"has-post-thumbnail","7":"category-novelas","8":"category-sbt","9":"category-televisao","10":"tag-resumo-do-dia"},"_links":{"self":[{"href":"https:\/\/migracao.redenoticia.com.br\/noticia\/wp-json\/wp\/v2\/posts\/179266","targetHints":{"allow":["GET"]}}],"collection":[{"href":"https:\/\/migracao.redenoticia.com.br\/noticia\/wp-json\/wp\/v2\/posts"}],"about":[{"href":"https:\/\/migracao.redenoticia.com.br\/noticia\/wp-json\/wp\/v2\/types\/post"}],"author":[{"embeddable":true,"href":"https:\/\/migracao.redenoticia.com.br\/noticia\/wp-json\/wp\/v2\/users\/2"}],"replies":[{"embeddable":true,"href":"https:\/\/migracao.redenoticia.com.br\/noticia\/wp-json\/wp\/v2\/comments?post=179266"}],"version-history":[{"count":0,"href":"https:\/\/migracao.redenoticia.com.br\/noticia\/wp-json\/wp\/v2\/posts\/179266\/revisions"}],"wp:featuredmedia":[{"embeddable":true,"href":"https:\/\/migracao.redenoticia.com.br\/noticia\/wp-json\/wp\/v2\/media\/173627"}],"wp:attachment":[{"href":"https:\/\/migracao.redenoticia.com.br\/noticia\/wp-json\/wp\/v2\/media?parent=179266"}],"wp:term":[{"taxonomy":"category","embeddable":true,"href":"https:\/\/migracao.redenoticia.com.br\/noticia\/wp-json\/wp\/v2\/categories?post=179266"},{"taxonomy":"post_tag","embeddable":true,"href":"https:\/\/migracao.redenoticia.com.br\/noticia\/wp-json\/wp\/v2\/tags?post=179266"}],"curies":[{"name":"wp","href":"https:\/\/api.w.org\/{rel}","templated":true}]}}