{"id":179267,"date":"2019-07-18T14:39:17","date_gmt":"2019-07-18T17:39:17","guid":{"rendered":"https:\/\/www.redenoticia.com.br\/noticia\/?p=179267"},"modified":"2019-07-18T14:39:24","modified_gmt":"2019-07-18T17:39:24","slug":"resumo-novela-a-dona-19-07-ivana-diz-a-leonor-que-esta-gravida","status":"publish","type":"post","link":"https:\/\/migracao.redenoticia.com.br\/noticia\/2019\/resumo-novela-a-dona-19-07-ivana-diz-a-leonor-que-esta-gravida\/179267","title":{"rendered":"Resumo novela \u201cA Dona\u201d 19\/07: Ivana diz a Leonor que est\u00e1 gr\u00e1vida"},"content":{"rendered":"<p><img loading=\"lazy\" decoding=\"async\" class=\"aligncenter size-large wp-image-173633\" src=\"https:\/\/migracao.redenoticia.com.br\/noticia\/imagens\/a-dona-270x300.jpg\" alt=\"\" width=\"270\" height=\"300\" srcset=\"https:\/\/migracao.redenoticia.com.br\/noticia\/imagens\/a-dona-270x300.jpg 270w, https:\/\/migracao.redenoticia.com.br\/noticia\/imagens\/a-dona-168x187.jpg 168w, https:\/\/migracao.redenoticia.com.br\/noticia\/imagens\/a-dona.jpg 380w\" sizes=\"auto, (max-width: 270px) 100vw, 270px\" \/>Resumo da novela <strong><em>\u201cA Dona&#8221;<\/em><\/strong> em 19\/07: no cap\u00edtulo 080(*) da novela, sexta-feira, 19 de julho, Felipe informa aos pais de Jesus que o menino entrou em coma e, infelizmente, n\u00e3o pode prever por quanto tempo o garoto permanecer\u00e1 assim. Valentina pede a Felipe que n\u00e3o me\u00e7a esfor\u00e7os e n\u00e3o poupe dinheiro para fazer tudo o que for poss\u00edvel por Jesus. Felipe pede a Valentina que informe a Jos\u00e9 Miguel o ocorrido com Jesus. Leonor fica zangada ao ver Ivana chegar sem Jos\u00e9 Miguel, e imediatamente a pergunta se ela foi capaz de impedir um encontro entre seu filho e Marc\u00e9lia, Ivana responde que n\u00e3o, mas que voltou, pois descobriu estar gr\u00e1vida.<\/p>\n<p>Jos\u00e9 Miguel pede a Marc\u00e9lia que o venda seu rel\u00f3gio, e fala que assim que vender sua casa, a paga. Marc\u00e9lia fala que n\u00e3o tem urg\u00eancia no dinheiro. O delegado Toledo diz a Alonso que foi aberta uma nova linha de investiga\u00e7\u00e3o e espera que agora, enfim, consiga uma pista concreta do assassino de Oscar. Alonso responde que talvez tenha sido uma assassina, e n\u00e3o um homem, e diz que Oscar deveria ter uma amante, e o delegado deveria investigar Ivana Dorantes. O advogado diz que eles chegaram a chamar Ivana Dorantes para depor, mas ela foi viver na Noruega. Alonso ent\u00e3o afirma que isso \u00e9 uma grande mentira, pois ela na verdade vive na fazenda Os Carac\u00f3is, com Valentina e Isabel.<\/p>\n<p>Jos\u00e9 Miguel diz a Leonor que Marc\u00e9lia o contou tudo, inclusive que ela pagou para que o expulsassem do semin\u00e1rio e para destruir sua rela\u00e7\u00e3o com Valentina. Leonor tenta convenc\u00ea-lo de que isso n\u00e3o \u00e9 verdade, mas Jos\u00e9 afirma que j\u00e1 perdeu a confian\u00e7a na m\u00e3e. Leonor, furiosa, diz a Ivana que a mandou a capital para evitar um encontro entre Jos\u00e9 e Marc\u00e9lia, mas tudo foi in\u00fatil, pois o Jos\u00e9 Miguel j\u00e1 sabe de tudo.<\/p>\n<p>(*) edi\u00e7\u00e3o do SBT, Novela \u201cA Dona\u201d, sujeito a altera\u00e7\u00e3o de data e conte\u00fado.<\/p>\n<p>Destaques<\/p>\n<p>&#8220;A Dona&#8221; &#8211; Valentina Vila\u00e7a (Lucero) \u00e9 uma mulher que tem uma grande fortuna, que seus pais deixaram para ela quando morreram em um acidente de carro. Ela tem uma mans\u00e3o na Cidade do M\u00e9xico, onde vive com sua tia Isabel Rangel de Dorantes (Silvia Pinal), e sua prima Ivana Dorantes Rangel (Gabriela Spanic) que trata Valentina com muita indiferen\u00e7a e sente inveja dela.<\/p>\n<p>Tudo muda para Valentina quando seu noivo Alonso Penalva (David Zepeda), tramando com Ivana no dia de seu casamento, a deixa esperando no altar. A partir da\u00ed, Valentina se torna uma mulher amarga, e vai para sua fazenda, no interior. Chegando l\u00e1, ela conhece seu vizinho Jos\u00e9 Miguel Montesinos (Fernando Colunga).<\/p>\n","protected":false},"excerpt":{"rendered":"<p>Resumo da novela \u201cA Dona&#8221; em 19\/07: no cap\u00edtulo 080(*) da novela, sexta-feira, 19 de julho, Felipe informa aos pais de Jesus que o menino entrou em coma e, infelizmente, n\u00e3o pode prever por quanto tempo o garoto permanecer\u00e1 assim. Valentina pede a Felipe que n\u00e3o me\u00e7a esfor\u00e7os e n\u00e3o poupe dinheiro para fazer tudo [&hellip;]<\/p>\n","protected":false},"author":2,"featured_media":173626,"comment_status":"open","ping_status":"closed","sticky":false,"template":"","format":"standard","meta":{"tdm_status":"","tdm_grid_status":"","footnotes":""},"categories":[379,372,343],"tags":[441],"class_list":{"0":"post-179267","1":"post","2":"type-post","3":"status-publish","4":"format-standard","5":"has-post-thumbnail","7":"category-novelas","8":"category-sbt","9":"category-televisao","10":"tag-resumo-do-dia"},"_links":{"self":[{"href":"https:\/\/migracao.redenoticia.com.br\/noticia\/wp-json\/wp\/v2\/posts\/179267","targetHints":{"allow":["GET"]}}],"collection":[{"href":"https:\/\/migracao.redenoticia.com.br\/noticia\/wp-json\/wp\/v2\/posts"}],"about":[{"href":"https:\/\/migracao.redenoticia.com.br\/noticia\/wp-json\/wp\/v2\/types\/post"}],"author":[{"embeddable":true,"href":"https:\/\/migracao.redenoticia.com.br\/noticia\/wp-json\/wp\/v2\/users\/2"}],"replies":[{"embeddable":true,"href":"https:\/\/migracao.redenoticia.com.br\/noticia\/wp-json\/wp\/v2\/comments?post=179267"}],"version-history":[{"count":0,"href":"https:\/\/migracao.redenoticia.com.br\/noticia\/wp-json\/wp\/v2\/posts\/179267\/revisions"}],"wp:featuredmedia":[{"embeddable":true,"href":"https:\/\/migracao.redenoticia.com.br\/noticia\/wp-json\/wp\/v2\/media\/173626"}],"wp:attachment":[{"href":"https:\/\/migracao.redenoticia.com.br\/noticia\/wp-json\/wp\/v2\/media?parent=179267"}],"wp:term":[{"taxonomy":"category","embeddable":true,"href":"https:\/\/migracao.redenoticia.com.br\/noticia\/wp-json\/wp\/v2\/categories?post=179267"},{"taxonomy":"post_tag","embeddable":true,"href":"https:\/\/migracao.redenoticia.com.br\/noticia\/wp-json\/wp\/v2\/tags?post=179267"}],"curies":[{"name":"wp","href":"https:\/\/api.w.org\/{rel}","templated":true}]}}