{"id":179299,"date":"2019-08-16T21:39:32","date_gmt":"2019-08-17T00:39:32","guid":{"rendered":"https:\/\/www.redenoticia.com.br\/noticia\/?p=179299"},"modified":"2020-05-29T16:13:33","modified_gmt":"2020-05-29T19:13:33","slug":"novela-a-dona-do-pedaco-maria-pega-arma-e-para-no-quarto-de-jo","status":"publish","type":"post","link":"https:\/\/migracao.redenoticia.com.br\/noticia\/2019\/novela-a-dona-do-pedaco-maria-pega-arma-e-para-no-quarto-de-jo\/179299","title":{"rendered":"Novela \u201cA Dona do Peda\u00e7o\u201d: Maria flagra R\u00e9gis com Josiane"},"content":{"rendered":"<p><strong><em><img loading=\"lazy\" decoding=\"async\" class=\"aligncenter size-large wp-image-175347\" src=\"https:\/\/migracao.redenoticia.com.br\/noticia\/imagens\/A-Dona-do-Pedaco-globo-261x300.jpg\" alt=\"\" width=\"261\" height=\"300\" srcset=\"https:\/\/migracao.redenoticia.com.br\/noticia\/imagens\/A-Dona-do-Pedaco-globo-261x300.jpg 261w, https:\/\/migracao.redenoticia.com.br\/noticia\/imagens\/A-Dona-do-Pedaco-globo-163x187.jpg 163w, https:\/\/migracao.redenoticia.com.br\/noticia\/imagens\/A-Dona-do-Pedaco-globo.jpg 600w\" sizes=\"auto, (max-width: 261px) 100vw, 261px\" \/><\/em><\/strong><\/p>\n<p><strong><em>Novela &#8220;A Dona do Peda\u00e7o\u201d:<\/em><\/strong> Rock (Caio Castro) age para se vingar de Josiane (Agatha Moreira) por ter sido acusado de roubo duas vezes. Ele consegue colocar um aplicativo espi\u00e3o no celular dela e descobre que a vil\u00e3 \u00e9 amante de R\u00e9gis (Reynaldo Gianecchini): &#8220;Amanh\u00e3 a Maria da Paz vai saber que o marido tem um caso com a filha dela. Coitada. Vai cair o mundo. Mas \u00e9 melhor ela saber&#8221;.<\/p>\n<p>Ele conta para Maria da Paz (Juliana Paes) e leva um tapa na cara. Logo depois, R\u00e9gis admite que ama Maria, Josiane diz que ele est\u00e1 enrascado e o pressiona para encontr\u00e1-la em seu quarto. Maria da Paz ouve barulhos na nova mans\u00e3o e sai de seu quarto armada.<\/p>\n<p>Josiane tira a roupa e parte para cima do amante: &#8220;T\u00e1 brincando comigo, eu sei que me quer, que me deseja. Olha pra mim, olha. Diz que tudo que t\u00e1 dizendo \u00e9 loucura. Que eu sou a mulher da sua vida. Olha meu corpo. Ele \u00e9 teu&#8221;. Maria da Paz p\u00e1ra, armada, na porta do quarto. Ela flagra o marido com a filha. Cena prevista para dia 17 de agosto na novela \u201cA Dona do Peda\u00e7o\u201d.<\/p>\n<p>Sinopse \u201cA Dona do Peda\u00e7o\u201d: a novela enaltece a trajet\u00f3ria de Maria da Paz (Juliana Paes), uma jovem humilde, da cidade fict\u00edcia de Rio Vermelho, no Esp\u00edrito Santo. Maria vem de uma fam\u00edlia de justiceiros profissionais, os Ramirez, e se apaixona justamente por Amadeu (Marcos Palmeira), advogado formado em Vit\u00f3ria e membro do cl\u00e3 rival nos neg\u00f3cios, os Matheus. A trama, dividida em um pr\u00f3logo e duas fases, traz uma hist\u00f3ria de amor com elementos \u00e0 Romeu e Julieta, sem perder o humor, que permeia todo o folhetim.<\/p>\n","protected":false},"excerpt":{"rendered":"<p>Novela &#8220;A Dona do Peda\u00e7o\u201d: Rock (Caio Castro) age para se vingar de Josiane (Agatha Moreira) por ter sido acusado de roubo duas vezes. Ele consegue colocar um aplicativo espi\u00e3o no celular dela e descobre que a vil\u00e3 \u00e9 amante de R\u00e9gis (Reynaldo Gianecchini): &#8220;Amanh\u00e3 a Maria da Paz vai saber que o marido tem [&hellip;]<\/p>\n","protected":false},"author":2,"featured_media":178249,"comment_status":"open","ping_status":"closed","sticky":false,"template":"","format":"standard","meta":{"tdm_status":"","tdm_grid_status":"","footnotes":""},"categories":[543,388,379,375,343],"tags":[440],"class_list":{"0":"post-179299","1":"post","2":"type-post","3":"status-publish","4":"format-standard","5":"has-post-thumbnail","7":"category-a-dona-do-pedaco","8":"category-destaques","9":"category-novelas","10":"category-rede-globo","11":"category-televisao","12":"tag-noticia-novela"},"_links":{"self":[{"href":"https:\/\/migracao.redenoticia.com.br\/noticia\/wp-json\/wp\/v2\/posts\/179299","targetHints":{"allow":["GET"]}}],"collection":[{"href":"https:\/\/migracao.redenoticia.com.br\/noticia\/wp-json\/wp\/v2\/posts"}],"about":[{"href":"https:\/\/migracao.redenoticia.com.br\/noticia\/wp-json\/wp\/v2\/types\/post"}],"author":[{"embeddable":true,"href":"https:\/\/migracao.redenoticia.com.br\/noticia\/wp-json\/wp\/v2\/users\/2"}],"replies":[{"embeddable":true,"href":"https:\/\/migracao.redenoticia.com.br\/noticia\/wp-json\/wp\/v2\/comments?post=179299"}],"version-history":[{"count":0,"href":"https:\/\/migracao.redenoticia.com.br\/noticia\/wp-json\/wp\/v2\/posts\/179299\/revisions"}],"wp:featuredmedia":[{"embeddable":true,"href":"https:\/\/migracao.redenoticia.com.br\/noticia\/wp-json\/wp\/v2\/media\/178249"}],"wp:attachment":[{"href":"https:\/\/migracao.redenoticia.com.br\/noticia\/wp-json\/wp\/v2\/media?parent=179299"}],"wp:term":[{"taxonomy":"category","embeddable":true,"href":"https:\/\/migracao.redenoticia.com.br\/noticia\/wp-json\/wp\/v2\/categories?post=179299"},{"taxonomy":"post_tag","embeddable":true,"href":"https:\/\/migracao.redenoticia.com.br\/noticia\/wp-json\/wp\/v2\/tags?post=179299"}],"curies":[{"name":"wp","href":"https:\/\/api.w.org\/{rel}","templated":true}]}}